{"id":601,"date":"2025-12-17T09:10:21","date_gmt":"2025-12-17T12:10:21","guid":{"rendered":"https:\/\/comissoes.uepb.edu.br\/cpa\/?p=601"},"modified":"2025-12-17T09:12:18","modified_gmt":"2025-12-17T12:12:18","slug":"comissao-propria-inicia-etapa-de-avaliacao-institucional-da-universidade-estadual-da-paraiba-para-o-ano-de-2025","status":"publish","type":"post","link":"https:\/\/comissoes.uepb.edu.br\/cpa\/2025\/12\/17\/comissao-propria-inicia-etapa-de-avaliacao-institucional-da-universidade-estadual-da-paraiba-para-o-ano-de-2025\/","title":{"rendered":"Comiss\u00e3o Pr\u00f3pria inicia etapa de avalia\u00e7\u00e3o institucional da Universidade Estadual da Para\u00edba para o ano de 2025"},"content":{"rendered":"<p>A Comiss\u00e3o Pr\u00f3pria de Avalia\u00e7\u00e3o (CPA) da Universidade Estadual da Para\u00edba (UEPB) estar\u00e1 no per\u00edodo de 15 de dezembro de 2025 a 28 de fevereiro de 2026, executando uma nova etapa da avalia\u00e7\u00e3o e diagn\u00f3stico institucional. A avalia\u00e7\u00e3o institucional \u00e9 institu\u00edda pelo Sistema Nacional de Avalia\u00e7\u00e3o da Educa\u00e7\u00e3o Superior (SINAES), de acordo com o que prev\u00ea a Lei Federal 10.861\/2004. Ser\u00e3o examinadas v\u00e1rias dimens\u00f5es das atividades acad\u00eamicas e administrativas que foram desenvolvidas no ano de 2025 na UEPB, objetivando ampliar os canais de comunica\u00e7\u00e3o e intera\u00e7\u00e3o com os(as) professores(as), t\u00e9cnicos(as) administrativos(as) e estudantes do ensino superior presencial e a dist\u00e2ncia.<\/p>\n<p>A avalia\u00e7\u00e3o ser\u00e1 atrav\u00e9s do Sistema \u00danico de Administra\u00e7\u00e3o P\u00fablica (SUAP) e as quest\u00f5es est\u00e3o organizadas, abordando os eixos e as dimens\u00f5es do SINAES: Planejamento, Avalia\u00e7\u00e3o e desenvolvimento Institucional, Pol\u00edticas acad\u00eamicas e de gest\u00e3o, e Infraestrutura F\u00edsica.<\/p>\n<p>A Comiss\u00e3o informa que as respostas apresentadas ficar\u00e3o restritas apenas ao docente, t\u00e9cnico ou discente que preencher o formul\u00e1rio e \u00e0 Comiss\u00e3o Pr\u00f3pria de Avalia\u00e7\u00e3o (CPA). Apenas as estat\u00edsticas gerais ser\u00e3o divulgadas, sem nenhum tipo de identifica\u00e7\u00e3o dos\u00a0respondentes.<\/p>\n<p>&nbsp;<\/p>\n<p><img loading=\"lazy\" decoding=\"async\" class=\"alignnone size-medium wp-image-602 img-responsive\" src=\"https:\/\/comissoes.uepb.edu.br\/cpa\/wp-content\/uploads\/sites\/4\/2025\/12\/Imagem-do-WhatsApp-de-2025-12-10-as-11.22.10_7cb1a8ac-240x300.jpg\" alt=\"\" width=\"240\" height=\"300\" srcset=\"https:\/\/comissoes.uepb.edu.br\/cpa\/wp-content\/uploads\/sites\/4\/2025\/12\/Imagem-do-WhatsApp-de-2025-12-10-as-11.22.10_7cb1a8ac-240x300.jpg 240w, https:\/\/comissoes.uepb.edu.br\/cpa\/wp-content\/uploads\/sites\/4\/2025\/12\/Imagem-do-WhatsApp-de-2025-12-10-as-11.22.10_7cb1a8ac-1228x1536.jpg 1228w, https:\/\/comissoes.uepb.edu.br\/cpa\/wp-content\/uploads\/sites\/4\/2025\/12\/Imagem-do-WhatsApp-de-2025-12-10-as-11.22.10_7cb1a8ac-636x796.jpg 636w, https:\/\/comissoes.uepb.edu.br\/cpa\/wp-content\/uploads\/sites\/4\/2025\/12\/Imagem-do-WhatsApp-de-2025-12-10-as-11.22.10_7cb1a8ac.jpg 1279w\" sizes=\"auto, (max-width: 240px) 100vw, 240px\" \/><\/p>\n","protected":false},"excerpt":{"rendered":"<p>A Comiss\u00e3o Pr\u00f3pria de Avalia\u00e7\u00e3o (CPA) da Universidade Estadual da Para\u00edba (UEPB) estar\u00e1 no per\u00edodo de 15 de dezembro de 2025 a 28 de fevereiro de 2026, executando uma nova etapa da avalia\u00e7\u00e3o e diagn\u00f3stico institucional. A avalia\u00e7\u00e3o institucional \u00e9 institu\u00edda pelo Sistema Nacional de Avalia\u00e7\u00e3o da Educa\u00e7\u00e3o Superior (SINAES), de acordo com o que <a class=\"leiamais\" href=\"https:\/\/comissoes.uepb.edu.br\/cpa\/2025\/12\/17\/comissao-propria-inicia-etapa-de-avaliacao-institucional-da-universidade-estadual-da-paraiba-para-o-ano-de-2025\/\">Leia Mais&#8230;<\/a><\/p>\n","protected":false},"author":30,"featured_media":0,"comment_status":"open","ping_status":"open","sticky":false,"template":"","format":"standard","meta":{"_acf_changed":false,"jetpack_post_was_ever_published":false,"_jetpack_newsletter_access":"","_jetpack_dont_email_post_to_subs":false,"_jetpack_newsletter_tier_id":0,"_jetpack_memberships_contains_paywalled_content":false,"_jetpack_memberships_contains_paid_content":false,"footnotes":""},"categories":[5,4,1],"tags":[],"class_list":["post-601","post","type-post","status-publish","format-standard","hentry","category-noticias","category-noticias-destaque","category-sem-categoria"],"acf":[],"jetpack_featured_media_url":"","jetpack_sharing_enabled":true,"jetpack_shortlink":"https:\/\/wp.me\/p7WTYa-9H","_links":{"self":[{"href":"https:\/\/comissoes.uepb.edu.br\/cpa\/wp-json\/wp\/v2\/posts\/601","targetHints":{"allow":["GET"]}}],"collection":[{"href":"https:\/\/comissoes.uepb.edu.br\/cpa\/wp-json\/wp\/v2\/posts"}],"about":[{"href":"https:\/\/comissoes.uepb.edu.br\/cpa\/wp-json\/wp\/v2\/types\/post"}],"author":[{"embeddable":true,"href":"https:\/\/comissoes.uepb.edu.br\/cpa\/wp-json\/wp\/v2\/users\/30"}],"replies":[{"embeddable":true,"href":"https:\/\/comissoes.uepb.edu.br\/cpa\/wp-json\/wp\/v2\/comments?post=601"}],"version-history":[{"count":1,"href":"https:\/\/comissoes.uepb.edu.br\/cpa\/wp-json\/wp\/v2\/posts\/601\/revisions"}],"predecessor-version":[{"id":603,"href":"https:\/\/comissoes.uepb.edu.br\/cpa\/wp-json\/wp\/v2\/posts\/601\/revisions\/603"}],"wp:attachment":[{"href":"https:\/\/comissoes.uepb.edu.br\/cpa\/wp-json\/wp\/v2\/media?parent=601"}],"wp:term":[{"taxonomy":"category","embeddable":true,"href":"https:\/\/comissoes.uepb.edu.br\/cpa\/wp-json\/wp\/v2\/categories?post=601"},{"taxonomy":"post_tag","embeddable":true,"href":"https:\/\/comissoes.uepb.edu.br\/cpa\/wp-json\/wp\/v2\/tags?post=601"}],"curies":[{"name":"wp","href":"https:\/\/api.w.org\/{rel}","templated":true}]}}