{"id":442,"date":"2024-11-26T10:59:17","date_gmt":"2024-11-26T13:59:17","guid":{"rendered":"https:\/\/comissoes.uepb.edu.br\/cpa\/?p=442"},"modified":"2024-11-26T11:10:31","modified_gmt":"2024-11-26T14:10:31","slug":"comissao-propria-da-universidade-estadual-da-paraiba-prorroga-prazo-para-avaliacao-do-ano-de-2024-na-instituicao","status":"publish","type":"post","link":"https:\/\/comissoes.uepb.edu.br\/cpa\/2024\/11\/26\/comissao-propria-da-universidade-estadual-da-paraiba-prorroga-prazo-para-avaliacao-do-ano-de-2024-na-instituicao\/","title":{"rendered":"Avalia\u00e7\u00e3o 2024: CPA da Universidade Estadual da Para\u00edba prorroga prazo at\u00e9 30 de novembro"},"content":{"rendered":"<p>A Comiss\u00e3o Pr\u00f3pria de Avalia\u00e7\u00e3o (CPA) da Universidade Estadual da Para\u00edba (UEPB) informa que foi prorrogado at\u00e9 a data de 30 de novembro o per\u00edodo de avalia\u00e7\u00e3o institucional. Durante este per\u00edodo permanecer\u00e3o ativos os question\u00e1rios para recebimento de respostas sobre a qualidade das atividades acad\u00eamicas e institucionais desenvolvidas na UEPB.<\/p>\n<p>A novidade desta vez \u00e9 que, al\u00e9m de professores(as) e estudantes, os servidores t\u00e9cnicos(as) administrativos(as) tamb\u00e9m participar\u00e3o da avalia\u00e7\u00e3o correspondente ao ano de 2024. Lembrando que os question\u00e1rios est\u00e3o dispon\u00edveis no\u00a0<a href=\"https:\/\/suap.uepb.edu.br\/accounts\/login\/?next=\/\" target=\"_blank\" rel=\"noopener\"><strong>Sistema \u00danico de Administra\u00e7\u00e3o P\u00fablica<\/strong><\/a>\u00a0(SUAP).<\/p>\n<p>A avalia\u00e7\u00e3o institucional est\u00e1 dispon\u00edvel para que sejam examinadas v\u00e1rias dimens\u00f5es das atividades acad\u00eamicas e administrativas que foram desenvolvidas no ano de 2024 na Universidade Estadual da Para\u00edba, de acordo com o que prev\u00ea a Lei Federal 10.861\/2004, que instituiu o Sistema Nacional de Avalia\u00e7\u00e3o da Educa\u00e7\u00e3o Superior (SINAES), objetivando ampliar os canais de comunica\u00e7\u00e3o e intera\u00e7\u00e3o com os(as) professores(as), t\u00e9cnicos-administrativos e estudantes do ensino superior.<\/p>\n<p>As quest\u00f5es est\u00e3o organizadas abordando as dimens\u00f5es de: Planejamento e Avalia\u00e7\u00e3o Institucional; Miss\u00e3o e Plano de Desenvolvimento Institucional (PDI); Responsabilidade Social da Institui\u00e7\u00e3o, Pol\u00edticas acad\u00eamicas, de Sustentabilidade Financeira e de Pessoal; comunica\u00e7\u00e3o com a sociedade e Infraestrutura F\u00edsica.<\/p>\n<p>A Comiss\u00e3o ainda informa que as respostas apresentadas ficar\u00e3o restritas apenas ao(a) docente, t\u00e9cnico(a) ou discente que preencher o formul\u00e1rio e \u00e0 Comiss\u00e3o Pr\u00f3pria de Avalia\u00e7\u00e3o (CPA). Apenas as estat\u00edsticas gerais ser\u00e3o divulgadas, sem nenhum tipo de identifica\u00e7\u00e3o dos respondentes.<img loading=\"lazy\" decoding=\"async\" class=\"alignnone size-medium wp-image-446 img-responsive\" src=\"https:\/\/comissoes.uepb.edu.br\/cpa\/wp-content\/uploads\/sites\/4\/2024\/11\/CPA-30-DE-NOV-1-300x300.jpg\" alt=\"\" width=\"300\" height=\"300\" srcset=\"https:\/\/comissoes.uepb.edu.br\/cpa\/wp-content\/uploads\/sites\/4\/2024\/11\/CPA-30-DE-NOV-1-300x300.jpg 300w, https:\/\/comissoes.uepb.edu.br\/cpa\/wp-content\/uploads\/sites\/4\/2024\/11\/CPA-30-DE-NOV-1-796x796.jpg 796w, https:\/\/comissoes.uepb.edu.br\/cpa\/wp-content\/uploads\/sites\/4\/2024\/11\/CPA-30-DE-NOV-1.jpg 1080w\" sizes=\"auto, (max-width: 300px) 100vw, 300px\" \/><\/p>\n","protected":false},"excerpt":{"rendered":"<p>A Comiss\u00e3o Pr\u00f3pria de Avalia\u00e7\u00e3o (CPA) da Universidade Estadual da Para\u00edba (UEPB) informa que foi prorrogado at\u00e9 a data de 30 de novembro o per\u00edodo de avalia\u00e7\u00e3o institucional. Durante este per\u00edodo permanecer\u00e3o ativos os question\u00e1rios para recebimento de respostas sobre a qualidade das atividades acad\u00eamicas e institucionais desenvolvidas na UEPB. A novidade desta vez \u00e9 <a class=\"leiamais\" href=\"https:\/\/comissoes.uepb.edu.br\/cpa\/2024\/11\/26\/comissao-propria-da-universidade-estadual-da-paraiba-prorroga-prazo-para-avaliacao-do-ano-de-2024-na-instituicao\/\">Leia Mais&#8230;<\/a><\/p>\n","protected":false},"author":30,"featured_media":0,"comment_status":"open","ping_status":"open","sticky":false,"template":"","format":"standard","meta":{"_acf_changed":false,"jetpack_post_was_ever_published":false,"_jetpack_newsletter_access":"","_jetpack_dont_email_post_to_subs":false,"_jetpack_newsletter_tier_id":0,"_jetpack_memberships_contains_paywalled_content":false,"_jetpack_memberships_contains_paid_content":false,"footnotes":""},"categories":[5,4],"tags":[],"class_list":["post-442","post","type-post","status-publish","format-standard","hentry","category-noticias","category-noticias-destaque"],"acf":[],"jetpack_featured_media_url":"","jetpack_sharing_enabled":true,"jetpack_shortlink":"https:\/\/wp.me\/p7WTYa-78","_links":{"self":[{"href":"https:\/\/comissoes.uepb.edu.br\/cpa\/wp-json\/wp\/v2\/posts\/442","targetHints":{"allow":["GET"]}}],"collection":[{"href":"https:\/\/comissoes.uepb.edu.br\/cpa\/wp-json\/wp\/v2\/posts"}],"about":[{"href":"https:\/\/comissoes.uepb.edu.br\/cpa\/wp-json\/wp\/v2\/types\/post"}],"author":[{"embeddable":true,"href":"https:\/\/comissoes.uepb.edu.br\/cpa\/wp-json\/wp\/v2\/users\/30"}],"replies":[{"embeddable":true,"href":"https:\/\/comissoes.uepb.edu.br\/cpa\/wp-json\/wp\/v2\/comments?post=442"}],"version-history":[{"count":4,"href":"https:\/\/comissoes.uepb.edu.br\/cpa\/wp-json\/wp\/v2\/posts\/442\/revisions"}],"predecessor-version":[{"id":448,"href":"https:\/\/comissoes.uepb.edu.br\/cpa\/wp-json\/wp\/v2\/posts\/442\/revisions\/448"}],"wp:attachment":[{"href":"https:\/\/comissoes.uepb.edu.br\/cpa\/wp-json\/wp\/v2\/media?parent=442"}],"wp:term":[{"taxonomy":"category","embeddable":true,"href":"https:\/\/comissoes.uepb.edu.br\/cpa\/wp-json\/wp\/v2\/categories?post=442"},{"taxonomy":"post_tag","embeddable":true,"href":"https:\/\/comissoes.uepb.edu.br\/cpa\/wp-json\/wp\/v2\/tags?post=442"}],"curies":[{"name":"wp","href":"https:\/\/api.w.org\/{rel}","templated":true}]}}