{"id":279,"date":"2022-05-10T17:28:11","date_gmt":"2022-05-10T20:28:11","guid":{"rendered":"https:\/\/comissoes.uepb.edu.br\/cpa\/?p=279"},"modified":"2023-08-24T15:07:23","modified_gmt":"2023-08-24T18:07:23","slug":"encontro-da-cpa-da-ufrn-e-cpa-da-uepb","status":"publish","type":"post","link":"https:\/\/comissoes.uepb.edu.br\/cpa\/2022\/05\/10\/encontro-da-cpa-da-ufrn-e-cpa-da-uepb\/","title":{"rendered":"ENCONTRO DA CPA DA UFRN E CPA DA UEPB"},"content":{"rendered":"<p>No dia 21 de setembro de 2021, entre as 14:30 e 16:30 horas, estiveram reunidos em sistema google <em>meet<\/em>, a Comiss\u00e3o de Avalia\u00e7\u00e3o Pr\u00f3pria (CPA) da Universidade Federal do Rio Grande do Norte (UFRN) e a CPA da UEPB, al\u00e9m dos representantes da Comiss\u00e3o de Desenvolvimento Institucional (PDI) da UEPB. O encontro foi articulado e mediado pelo Prof. Eli Brand\u00e3o, Pr\u00f3-Reitor de Gradua\u00e7\u00e3o (PROGRAD) e contou com a presen\u00e7a dos pr\u00f3-reitores e t\u00e9cnicos: prof. Francisco Jaime (PRPGP\/PDI); Pollyanna Xavier (PROPLAN\/PDI); Ivan Barbosa (PDI); Marcelo Ricardo (PDI); Profa. Ruth Brito (CPA); Prof. Belarmino Mariano (CPA); Jos\u00e9 Claudiano (CPA).<\/p>\n<p>Os representantes da UFRN\u00a0 fizeram um profundo relato do processo de forma\u00e7\u00e3o do Comiss\u00e3o Permanente de Avalia\u00e7\u00e3o da institui\u00e7\u00e3o, desde o ano de 2004. Apresentou as dificuldades e limita\u00e7\u00f5es iniciais e os avan\u00e7os, at\u00e9 a consolida\u00e7\u00e3o do processo de avalia\u00e7\u00e3o institucional em seus diferentes n\u00edveis. O professor Belarmino Mariano, enquanto novo coordenador da CPA da UEPB, expressou a necessidade de um encontro desse n\u00edvel para aprofundar a compreens\u00e3o sobre as estrat\u00e9gias de a\u00e7\u00f5es e funcionamento da CPA em conjunto com o PDI, para que tenhamos capacidade de avaliarmos a institui\u00e7\u00e3o e tra\u00e7armos melhoras futuras. O encontro foi muito importante, tanto para a equipe da CPA, quanto para o grupo do PDI da UEPB, seguido de um rico debate e indaga\u00e7\u00f5es dos presentes, para a consolida\u00e7\u00e3o definitiva da CPA no \u00e2mbito da UEPB e em todos os n\u00edveis, segmentos (professores, estudantes, t\u00e9cnicos), administra\u00e7\u00e3o central, Pr\u00f3-Reitoria, campus, centros, departamentos, coordena\u00e7\u00f5es e programas especiais como o EAD, ensino t\u00e9cnico, entre outros.<\/p>\n<p>&nbsp;<\/p>\n","protected":false},"excerpt":{"rendered":"<p>No dia 21 de setembro de 2021, entre as 14:30 e 16:30 horas, estiveram reunidos em sistema google meet, a Comiss\u00e3o de Avalia\u00e7\u00e3o Pr\u00f3pria (CPA) da Universidade Federal do Rio Grande do Norte (UFRN) e a CPA da UEPB, al\u00e9m dos representantes da Comiss\u00e3o de Desenvolvimento Institucional (PDI) da UEPB. O encontro foi articulado e <a class=\"leiamais\" href=\"https:\/\/comissoes.uepb.edu.br\/cpa\/2022\/05\/10\/encontro-da-cpa-da-ufrn-e-cpa-da-uepb\/\">Leia Mais&#8230;<\/a><\/p>\n","protected":false},"author":22,"featured_media":0,"comment_status":"open","ping_status":"open","sticky":false,"template":"","format":"standard","meta":{"_acf_changed":false,"jetpack_post_was_ever_published":false,"_jetpack_newsletter_access":"","_jetpack_dont_email_post_to_subs":false,"_jetpack_newsletter_tier_id":0,"_jetpack_memberships_contains_paywalled_content":false,"_jetpack_memberships_contains_paid_content":false,"footnotes":""},"categories":[5,4],"tags":[],"class_list":["post-279","post","type-post","status-publish","format-standard","hentry","category-noticias","category-noticias-destaque"],"acf":[],"jetpack_featured_media_url":"","jetpack_sharing_enabled":true,"jetpack_shortlink":"https:\/\/wp.me\/p7WTYa-4v","_links":{"self":[{"href":"https:\/\/comissoes.uepb.edu.br\/cpa\/wp-json\/wp\/v2\/posts\/279","targetHints":{"allow":["GET"]}}],"collection":[{"href":"https:\/\/comissoes.uepb.edu.br\/cpa\/wp-json\/wp\/v2\/posts"}],"about":[{"href":"https:\/\/comissoes.uepb.edu.br\/cpa\/wp-json\/wp\/v2\/types\/post"}],"author":[{"embeddable":true,"href":"https:\/\/comissoes.uepb.edu.br\/cpa\/wp-json\/wp\/v2\/users\/22"}],"replies":[{"embeddable":true,"href":"https:\/\/comissoes.uepb.edu.br\/cpa\/wp-json\/wp\/v2\/comments?post=279"}],"version-history":[{"count":2,"href":"https:\/\/comissoes.uepb.edu.br\/cpa\/wp-json\/wp\/v2\/posts\/279\/revisions"}],"predecessor-version":[{"id":325,"href":"https:\/\/comissoes.uepb.edu.br\/cpa\/wp-json\/wp\/v2\/posts\/279\/revisions\/325"}],"wp:attachment":[{"href":"https:\/\/comissoes.uepb.edu.br\/cpa\/wp-json\/wp\/v2\/media?parent=279"}],"wp:term":[{"taxonomy":"category","embeddable":true,"href":"https:\/\/comissoes.uepb.edu.br\/cpa\/wp-json\/wp\/v2\/categories?post=279"},{"taxonomy":"post_tag","embeddable":true,"href":"https:\/\/comissoes.uepb.edu.br\/cpa\/wp-json\/wp\/v2\/tags?post=279"}],"curies":[{"name":"wp","href":"https:\/\/api.w.org\/{rel}","templated":true}]}}