{"id":277,"date":"2022-05-10T17:18:35","date_gmt":"2022-05-10T20:18:35","guid":{"rendered":"https:\/\/comissoes.uepb.edu.br\/cpa\/?p=277"},"modified":"2022-05-10T17:18:47","modified_gmt":"2022-05-10T20:18:47","slug":"cpa-e-proead-tratam-sobre-inclusao-e-avaliacao-institucional-dos-cursos-medios-tecnicos-a-distancia-e-parfor","status":"publish","type":"post","link":"https:\/\/comissoes.uepb.edu.br\/cpa\/2022\/05\/10\/cpa-e-proead-tratam-sobre-inclusao-e-avaliacao-institucional-dos-cursos-medios-tecnicos-a-distancia-e-parfor\/","title":{"rendered":"CPA e PROEAD tratam sobre inclus\u00e3o e avalia\u00e7\u00e3o institucional dos cursos M\u00e9dios, T\u00e9cnicos, a Dist\u00e2ncia e PARFOR"},"content":{"rendered":"<p>No \u00e2mbito de suas atividades sobre o processo de avalia\u00e7\u00e3o interna da Universidade Estadual da Para\u00edba (UEPB), a Comiss\u00e3o Pr\u00f3pria de Avalia\u00e7\u00e3o (CPA) da Institui\u00e7\u00e3o realizou nesta sexta-feira (1\u00ba) uma reuni\u00e3o com a Pr\u00f3-Reitoria de Ensino M\u00e9dio, T\u00e9cnico e Educa\u00e7\u00e3o a Dist\u00e2ncia para debater e equalizar as demandas dos cursos oferecidos pela PROEAD. No encontro, foi analisada a necessidade de desenvolvimento de uma plataforma capaz de dinamizar o sistema de avalia\u00e7\u00e3o institucional a partir do servi\u00e7o oferecido pela Pr\u00f3-Reitoria.<\/p>\n<p>Para que a PROEAD possa acompanhar os trabalhos da Comiss\u00e3o, foi designada a servidora Danielle Lucena, para compor o grupo de atua\u00e7\u00e3o da CPA da UEPB, com o prop\u00f3sito de integra\u00e7\u00e3o dos cursos oferecidos pela Pr\u00f3-Reitoria no Sistema de cadastramento do Controle Acad\u00eamico. De acordo com o professor Belarmino Mariano, coordenador da CPA, a reestrutura\u00e7\u00e3o da Comiss\u00e3o ainda est\u00e1 em andamento, mas \u00e9 fundamental a integra\u00e7\u00e3o de toda estrutura administrativa da Universidade para que a CPA possa desenvolver suas atividades.<\/p>\n<p>Para a pr\u00f3-reitora de Ensino M\u00e9dio, T\u00e9cnico e Educa\u00e7\u00e3o a Dist\u00e2ncia, professora Vaneide Lima, este encontro foi importante para que se possa pensar nas demandas de avalia\u00e7\u00e3o dos cursos t\u00e9cnicos, gradua\u00e7\u00f5es, do Plano Nacional de Forma\u00e7\u00e3o de Professores da Educa\u00e7\u00e3o B\u00e1sica (PARFOR) e cursos de especializa\u00e7\u00e3o a dist\u00e2ncia.<\/p>\n<p>\u201cTemos a necessidade de maior integra\u00e7\u00e3o entre as diferentes inst\u00e2ncias da UEPB, al\u00e9m de desenvolvermos uma plataforma capaz de incluir os cursos de EaD e os demais da PROEAD no sistema de avalia\u00e7\u00e3o institucional, com vistas ao cumprimento das exig\u00eancias dos \u00f3rg\u00e3os fomentadores e financiadores dos diferentes programas que est\u00e3o sob nossa jurisdi\u00e7\u00e3o\u201d, explicou a pr\u00f3-reitora.<\/p>\n<p>Tamb\u00e9m participaram da reuni\u00e3o a professora Ruth Brito, coordenadora adjunta da CPA; Jos\u00e9 Claudiano, secret\u00e1rio da CPA; Neuraci de Oliveira, integrante da CPA; Aluska Tatiane, secret\u00e1ria da CPPD; e Carolina Cavalcante, assessoria da PROEAD.<\/p>\n<p><em><strong>Texto:<\/strong>\u00a0Givaldo Cavalcanti<\/em><br \/>\n<em><strong>Fotos:<\/strong>\u00a0Reprodu\u00e7\u00e3o Sala Virtual<\/em><\/p>\n","protected":false},"excerpt":{"rendered":"<p>No \u00e2mbito de suas atividades sobre o processo de avalia\u00e7\u00e3o interna da Universidade Estadual da Para\u00edba (UEPB), a Comiss\u00e3o Pr\u00f3pria de Avalia\u00e7\u00e3o (CPA) da Institui\u00e7\u00e3o realizou nesta sexta-feira (1\u00ba) uma reuni\u00e3o com a Pr\u00f3-Reitoria de Ensino M\u00e9dio, T\u00e9cnico e Educa\u00e7\u00e3o a Dist\u00e2ncia para debater e equalizar as demandas dos cursos oferecidos pela PROEAD. No encontro, <a class=\"leiamais\" href=\"https:\/\/comissoes.uepb.edu.br\/cpa\/2022\/05\/10\/cpa-e-proead-tratam-sobre-inclusao-e-avaliacao-institucional-dos-cursos-medios-tecnicos-a-distancia-e-parfor\/\">Leia Mais&#8230;<\/a><\/p>\n","protected":false},"author":22,"featured_media":0,"comment_status":"open","ping_status":"open","sticky":false,"template":"","format":"standard","meta":{"_acf_changed":false,"jetpack_post_was_ever_published":false,"_jetpack_newsletter_access":"","_jetpack_dont_email_post_to_subs":false,"_jetpack_newsletter_tier_id":0,"_jetpack_memberships_contains_paywalled_content":false,"_jetpack_memberships_contains_paid_content":false,"footnotes":""},"categories":[1],"tags":[],"class_list":["post-277","post","type-post","status-publish","format-standard","hentry","category-sem-categoria"],"acf":[],"jetpack_featured_media_url":"","jetpack_sharing_enabled":true,"jetpack_shortlink":"https:\/\/wp.me\/p7WTYa-4t","_links":{"self":[{"href":"https:\/\/comissoes.uepb.edu.br\/cpa\/wp-json\/wp\/v2\/posts\/277","targetHints":{"allow":["GET"]}}],"collection":[{"href":"https:\/\/comissoes.uepb.edu.br\/cpa\/wp-json\/wp\/v2\/posts"}],"about":[{"href":"https:\/\/comissoes.uepb.edu.br\/cpa\/wp-json\/wp\/v2\/types\/post"}],"author":[{"embeddable":true,"href":"https:\/\/comissoes.uepb.edu.br\/cpa\/wp-json\/wp\/v2\/users\/22"}],"replies":[{"embeddable":true,"href":"https:\/\/comissoes.uepb.edu.br\/cpa\/wp-json\/wp\/v2\/comments?post=277"}],"version-history":[{"count":1,"href":"https:\/\/comissoes.uepb.edu.br\/cpa\/wp-json\/wp\/v2\/posts\/277\/revisions"}],"predecessor-version":[{"id":278,"href":"https:\/\/comissoes.uepb.edu.br\/cpa\/wp-json\/wp\/v2\/posts\/277\/revisions\/278"}],"wp:attachment":[{"href":"https:\/\/comissoes.uepb.edu.br\/cpa\/wp-json\/wp\/v2\/media?parent=277"}],"wp:term":[{"taxonomy":"category","embeddable":true,"href":"https:\/\/comissoes.uepb.edu.br\/cpa\/wp-json\/wp\/v2\/categories?post=277"},{"taxonomy":"post_tag","embeddable":true,"href":"https:\/\/comissoes.uepb.edu.br\/cpa\/wp-json\/wp\/v2\/tags?post=277"}],"curies":[{"name":"wp","href":"https:\/\/api.w.org\/{rel}","templated":true}]}}