{"id":386,"date":"2024-08-27T11:00:40","date_gmt":"2024-08-27T14:00:40","guid":{"rendered":"https:\/\/interno.uepb.edu.br\/?p=94265"},"modified":"2024-08-27T11:00:40","modified_gmt":"2024-08-27T14:00:40","slug":"parceria-ciast-saude-do-trabalhador-e-servico-social-dao-inicio-a-ciclo-de-acoes-voltadas-para-servidores","status":"publish","type":"post","link":"https:\/\/comissoes.uepb.edu.br\/ciast\/parceria-ciast-saude-do-trabalhador-e-servico-social-dao-inicio-a-ciclo-de-acoes-voltadas-para-servidores\/","title":{"rendered":"Parceria: CIAST, Sa\u00fade do Trabalhador e Servi\u00e7o Social d\u00e3o in\u00edcio a ciclo de a\u00e7\u00f5es voltadas para servidores"},"content":{"rendered":"<p><img fetchpriority=\"high\" decoding=\"async\" data-attachment-id=\"94263\" data-permalink=\"https:\/\/interno.uepb.edu.br\/parceria-ciast-saude-do-trabalhador-e-servico-social-dao-inicio-a-ciclo-de-acoes-voltadas-para-servidores\/foto-atividade-ciast-e-saude-do-trabalhador\/\" data-orig-file=\"https:\/\/interno.uepb.edu.br\/wp-content\/uploads\/2024\/08\/Foto-Atividade-CIAST-e-Saude-do-Trabalhador.jpeg\" data-orig-size=\"1366,623\" data-comments-opened=\"0\" data-image-meta=\"{&quot;aperture&quot;:&quot;0&quot;,&quot;credit&quot;:&quot;&quot;,&quot;camera&quot;:&quot;&quot;,&quot;caption&quot;:&quot;&quot;,&quot;created_timestamp&quot;:&quot;0&quot;,&quot;copyright&quot;:&quot;&quot;,&quot;focal_length&quot;:&quot;0&quot;,&quot;iso&quot;:&quot;0&quot;,&quot;shutter_speed&quot;:&quot;0&quot;,&quot;title&quot;:&quot;&quot;,&quot;orientation&quot;:&quot;0&quot;}\" data-image-title=\"Foto &#8211; Atividade CIAST e Sa\u00fade do Trabalhador\" data-image-description=\"\" data-image-caption=\"\" data-medium-file=\"https:\/\/interno.uepb.edu.br\/wp-content\/uploads\/2024\/08\/Foto-Atividade-CIAST-e-Saude-do-Trabalhador-300x137.jpeg\" data-large-file=\"https:\/\/interno.uepb.edu.br\/wp-content\/uploads\/2024\/08\/Foto-Atividade-CIAST-e-Saude-do-Trabalhador.jpeg\" tabindex=\"0\" role=\"button\" class=\"alignnone size-full wp-image-94263 img-responsive img-responsive\" src=\"https:\/\/interno.uepb.edu.br\/wp-content\/uploads\/2024\/08\/Foto-Atividade-CIAST-e-Saude-do-Trabalhador.jpeg\" alt=\"\" width=\"1366\" height=\"623\" srcset=\"https:\/\/interno.uepb.edu.br\/wp-content\/uploads\/2024\/08\/Foto-Atividade-CIAST-e-Saude-do-Trabalhador.jpeg 1366w, https:\/\/interno.uepb.edu.br\/wp-content\/uploads\/2024\/08\/Foto-Atividade-CIAST-e-Saude-do-Trabalhador-300x137.jpeg 300w, https:\/\/interno.uepb.edu.br\/wp-content\/uploads\/2024\/08\/Foto-Atividade-CIAST-e-Saude-do-Trabalhador-1120x511.jpeg 1120w, https:\/\/interno.uepb.edu.br\/wp-content\/uploads\/2024\/08\/Foto-Atividade-CIAST-e-Saude-do-Trabalhador-150x68.jpeg 150w\" sizes=\"(max-width: 1366px) 100vw, 1366px\" \/>Dentro da pol\u00edtica de cuidado e prote\u00e7\u00e3o aos(as) servidores(as) da Universidade Estadual da Para\u00edba (UEPB), a Comiss\u00e3o Interdisciplinar de Aten\u00e7\u00e3o Integral \u00e0 Sa\u00fade e Seguran\u00e7a do Trabalho (CIAST), em parceria com os setores de Sa\u00fade do Trabalhador e de Servi\u00e7o Social, vinculados \u00e0 Pr\u00f3-reitoria de Gest\u00e3o de Pessoas (PROGEP), da Institui\u00e7\u00e3o, iniciou um ciclo de a\u00e7\u00f5es voltados para o(as) trabalhadores(as).<\/p>\n<p>O 1\u00ba Ciclo de A\u00e7\u00f5es em Sa\u00fade do Trabalhador na UEPB, o qual \u00e9 uma s\u00e9rie de capacita\u00e7\u00f5es sobre a CIAT, comunica\u00e7\u00e3o interna de acidente de trabalho, e sobre a preven\u00e7\u00e3o de ass\u00e9dio no setor p\u00fablico e canais de den\u00fancia, foi lan\u00e7ado na sexta-feira (23). A iniciativa tem como fundamento o que estabelece a Lei Estadual \u00ba 127\/2015.<\/p>\n<p>Essa iniciativa, conforme explicou Joselma Lacerda, coordenadora da CIAST, acontece de forma on-line e est\u00e1 voltada aos(as) diretores(as) de Centros, chefes de Departamento, coordenadores de cursos, secret\u00e1rios e Coordena\u00e7\u00e3o de biblioteca, dentre outros(as) servidores(as) que est\u00e3o diretamente ligados(as) \u00e0 estrutura administrativa para que as a\u00e7\u00f5es sejam operacionalizadas.<\/p>\n<p>Metodologicamente a capacita\u00e7\u00e3o est\u00e1 dividida em duas etapas, sendo a primeira relacionada ao entendimento do fluxo log\u00edstico da CIAT, abordando a tratativa da ocorr\u00eancia de acidentes no ambiente de trabalho, envolvendo servidores(as) da UEPB, conforme Instru\u00e7\u00e3o Normativa 1\/2024 \u2013 Reitoria, publicada em 30 de abril de 2024.<\/p>\n<p>A segunda parte do treinamento est\u00e1 voltada para preven\u00e7\u00e3o do ass\u00e9dio moral no setor p\u00fablico, onde os(as) participantes s\u00e3o provocados(as) a refletir sobre a \u00e9tica nas rela\u00e7\u00f5es de trabalho e sua import\u00e2ncia para preven\u00e7\u00e3o dos v\u00e1rios tipos de ass\u00e9dios, bem como, s\u00e3o apresentados os principais pontos da Lei Estadual N\u00ba 127\/2015, o que \u00e9 e como se manifesta o ass\u00e9dio moral no trabalho, os principais canais de den\u00fancia.<\/p>\n<p>Joselma Lacerda destacou a import\u00e2ncia do cumprimento da padroniza\u00e7\u00e3o estabelecida nos anexos da citada Instru\u00e7\u00e3o Normativa da CIAT, notadamente relacionada aos encaminhamentos quando da ocorr\u00eancia do acidente, bem como ao preenchimento do formul\u00e1rio de Comunica\u00e7\u00e3o de Acidente de Trabalho que ser\u00e1 encaminhado do Setor de Sa\u00fade do Trabalhador da PROGEP com vistas ao estudo estat\u00edstico dos acidentes de trabalho na UEPB e sobretudo \u00e0 promo\u00e7\u00e3o de a\u00e7\u00f5es preventivas.<\/p>\n<p>A coordenadora da CIAST lembrou que este ciclo de a\u00e7\u00f5es tamb\u00e9m atende a previs\u00e3o legal do art 4\u00ba da Lei 127\/2015, a qual destaca que \u201cOs \u00f3rg\u00e3os da Administra\u00e7\u00e3o P\u00fablica estadual direta e indireta, de qualquer de seus Poderes e institui\u00e7\u00f5es aut\u00f4nomas, nas pessoas de seus representantes legais, ficam obrigados a tomar as medidas necess\u00e1rias para prevenir e coibir a pr\u00e1tica do ass\u00e9dio moral\u201d.<\/p>\n<p>De acordo com a assistente social, Juliana Grangeiro, e coordenadora adjunta da CIAST, o 1\u00ba Ciclo de A\u00e7\u00f5es em Sa\u00fade do Trabalhador acontece de 23 de agosto \u00e0 4 de outubro, a fim de estar inserido numa s\u00e9rie de atividades que devem ser desenvolvidas pelos poderes e unidades aut\u00f4nomas da Administra\u00e7\u00e3o P\u00fablica da Para\u00edba, na Semana Estadual de Preven\u00e7\u00e3o e Combate ao Ass\u00e9dio Moral.<\/p>\n<p>Esta atividade ocorre anualmente, no per\u00edodo de 10 a 14 de setembro, durante a qual devem ser realizados eventos institucionais, semin\u00e1rios, palestras, ciclos de debates, simp\u00f3sios, entre outros, buscando compartilhar a\u00e7\u00f5es de preven\u00e7\u00e3o e combate ao ass\u00e9dio moral, conforme prev\u00ea tamb\u00e9m a Lei 127\/2015.<\/p>\n<p>Nesse segundo semestre, a programa\u00e7\u00e3o deste ciclo de a\u00e7\u00f5es segue o calend\u00e1rio abaixo, nos c\u00e2mpus II (Lagoa Seca), III (Guarabira), IV (Catol\u00e9 do Rocha), V (Jo\u00e3o Pessoa), VI (Monteiro), VIII (Araruna), al\u00e9m da Unidade Acad\u00eamica de Sousa (C\u00e2mpus IV).<img loading=\"lazy\" decoding=\"async\" data-attachment-id=\"94264\" data-permalink=\"https:\/\/interno.uepb.edu.br\/parceria-ciast-saude-do-trabalhador-e-servico-social-dao-inicio-a-ciclo-de-acoes-voltadas-para-servidores\/calendario-das-atividades-do-ciclo-de-acoes-em-saude-do-trabalhador-02\/\" data-orig-file=\"https:\/\/interno.uepb.edu.br\/wp-content\/uploads\/2024\/08\/Calendario-das-atividades-do-Ciclo-de-acoes-em-saude-do-trabalhador-02.jpeg\" data-orig-size=\"1080,1080\" data-comments-opened=\"0\" data-image-meta=\"{&quot;aperture&quot;:&quot;0&quot;,&quot;credit&quot;:&quot;&quot;,&quot;camera&quot;:&quot;&quot;,&quot;caption&quot;:&quot;&quot;,&quot;created_timestamp&quot;:&quot;0&quot;,&quot;copyright&quot;:&quot;&quot;,&quot;focal_length&quot;:&quot;0&quot;,&quot;iso&quot;:&quot;0&quot;,&quot;shutter_speed&quot;:&quot;0&quot;,&quot;title&quot;:&quot;&quot;,&quot;orientation&quot;:&quot;0&quot;}\" data-image-title=\"Calend\u00e1rio das atividades do Ciclo de a\u00e7\u00f5es em sa\u00fade do trabalhador &#8211; 02\" data-image-description=\"\" data-image-caption=\"\" data-medium-file=\"https:\/\/interno.uepb.edu.br\/wp-content\/uploads\/2024\/08\/Calendario-das-atividades-do-Ciclo-de-acoes-em-saude-do-trabalhador-02-300x300.jpeg\" data-large-file=\"https:\/\/interno.uepb.edu.br\/wp-content\/uploads\/2024\/08\/Calendario-das-atividades-do-Ciclo-de-acoes-em-saude-do-trabalhador-02.jpeg\" tabindex=\"0\" role=\"button\" class=\"alignnone size-full wp-image-94264 img-responsive img-responsive\" src=\"https:\/\/interno.uepb.edu.br\/wp-content\/uploads\/2024\/08\/Calendario-das-atividades-do-Ciclo-de-acoes-em-saude-do-trabalhador-02.jpeg\" alt=\"\" width=\"1080\" height=\"1080\" srcset=\"https:\/\/interno.uepb.edu.br\/wp-content\/uploads\/2024\/08\/Calendario-das-atividades-do-Ciclo-de-acoes-em-saude-do-trabalhador-02.jpeg 1080w, https:\/\/interno.uepb.edu.br\/wp-content\/uploads\/2024\/08\/Calendario-das-atividades-do-Ciclo-de-acoes-em-saude-do-trabalhador-02-300x300.jpeg 300w, https:\/\/interno.uepb.edu.br\/wp-content\/uploads\/2024\/08\/Calendario-das-atividades-do-Ciclo-de-acoes-em-saude-do-trabalhador-02-796x796.jpeg 796w, https:\/\/interno.uepb.edu.br\/wp-content\/uploads\/2024\/08\/Calendario-das-atividades-do-Ciclo-de-acoes-em-saude-do-trabalhador-02-96x96.jpeg 96w, https:\/\/interno.uepb.edu.br\/wp-content\/uploads\/2024\/08\/Calendario-das-atividades-do-Ciclo-de-acoes-em-saude-do-trabalhador-02-150x150.jpeg 150w\" sizes=\"auto, (max-width: 1080px) 100vw, 1080px\" \/><\/p>\n<p><em><strong>Texto:<\/strong> Severino Lopes<\/em><br \/>\n<em><strong>Foto:<\/strong> Reprodu\u00e7\u00e3o Google Meet<\/em><\/p>\n","protected":false},"excerpt":{"rendered":"<p>Dentro da pol\u00edtica de cuidado e prote\u00e7\u00e3o aos(as) servidores(as) da Universidade Estadual da Para\u00edba (UEPB), a Comiss\u00e3o Interdisciplinar de Aten\u00e7\u00e3o Integral \u00e0 Sa\u00fade e Seguran\u00e7a do Trabalho (CIAST), em parceria com os setores de Sa\u00fade do Trabalhador e de Servi\u00e7o Social, vinculados \u00e0 Pr\u00f3-reitoria de Gest\u00e3o de Pessoas (PROGEP), da Institui\u00e7\u00e3o, iniciou um ciclo de <a class=\"leiamais\" href=\"https:\/\/interno.uepb.edu.br\/parceria-ciast-saude-do-trabalhador-e-servico-social-dao-inicio-a-ciclo-de-acoes-voltadas-para-servidores\/\">Leia Mais&#8230;<\/a><\/p>\n","protected":false},"author":8,"featured_media":0,"comment_status":"closed","ping_status":"closed","sticky":false,"template":"","format":"standard","meta":{"_acf_changed":false,"jetpack_post_was_ever_published":false,"_jetpack_newsletter_access":"","_jetpack_dont_email_post_to_subs":false,"_jetpack_newsletter_tier_id":0,"_jetpack_memberships_contains_paywalled_content":false,"_jetpack_memberships_contains_paid_content":false,"footnotes":""},"categories":[4,5,9,6,7,8],"tags":[],"class_list":["post-386","post","type-post","status-publish","format-standard","hentry","category-ciast","category-noticias","category-noticias-destaque","category-noticias-professores","category-noticias-tecnicos","category-progep"],"acf":[],"jetpack_featured_media_url":"","jetpack_sharing_enabled":true,"jetpack_shortlink":"https:\/\/wp.me\/p7TtJV-6e","_links":{"self":[{"href":"https:\/\/comissoes.uepb.edu.br\/ciast\/wp-json\/wp\/v2\/posts\/386","targetHints":{"allow":["GET"]}}],"collection":[{"href":"https:\/\/comissoes.uepb.edu.br\/ciast\/wp-json\/wp\/v2\/posts"}],"about":[{"href":"https:\/\/comissoes.uepb.edu.br\/ciast\/wp-json\/wp\/v2\/types\/post"}],"author":[{"embeddable":true,"href":"https:\/\/comissoes.uepb.edu.br\/ciast\/wp-json\/wp\/v2\/users\/8"}],"replies":[{"embeddable":true,"href":"https:\/\/comissoes.uepb.edu.br\/ciast\/wp-json\/wp\/v2\/comments?post=386"}],"version-history":[{"count":1,"href":"https:\/\/comissoes.uepb.edu.br\/ciast\/wp-json\/wp\/v2\/posts\/386\/revisions"}],"predecessor-version":[{"id":387,"href":"https:\/\/comissoes.uepb.edu.br\/ciast\/wp-json\/wp\/v2\/posts\/386\/revisions\/387"}],"wp:attachment":[{"href":"https:\/\/comissoes.uepb.edu.br\/ciast\/wp-json\/wp\/v2\/media?parent=386"}],"wp:term":[{"taxonomy":"category","embeddable":true,"href":"https:\/\/comissoes.uepb.edu.br\/ciast\/wp-json\/wp\/v2\/categories?post=386"},{"taxonomy":"post_tag","embeddable":true,"href":"https:\/\/comissoes.uepb.edu.br\/ciast\/wp-json\/wp\/v2\/tags?post=386"}],"curies":[{"name":"wp","href":"https:\/\/api.w.org\/{rel}","templated":true}]}}