{"id":361,"date":"2024-04-29T17:28:37","date_gmt":"2024-04-29T20:28:37","guid":{"rendered":"https:\/\/interno.uepb.edu.br\/?p=91761"},"modified":"2024-04-29T17:28:37","modified_gmt":"2024-04-29T20:28:37","slug":"encerramento-do-abril-verde-mostra-acoes-de-prevencao-e-alerta-sobre-perigos-de-acidentes-de-trabalho","status":"publish","type":"post","link":"https:\/\/comissoes.uepb.edu.br\/ciast\/encerramento-do-abril-verde-mostra-acoes-de-prevencao-e-alerta-sobre-perigos-de-acidentes-de-trabalho\/","title":{"rendered":"Encerramento do Abril Verde mostra a\u00e7\u00f5es de preven\u00e7\u00e3o e alerta sobre perigos de acidentes de trabalho"},"content":{"rendered":"<p>Os dados s\u00e3o preocupantes. Durante os anos de 2022 e 2023, mais de cinco mil acidentes de trabalho aconteceram em Campina Grande e nos demais 69 munic\u00edpios da macrorregi\u00e3o de abrang\u00eancia do Centro de Refer\u00eancia em Sa\u00fade do Trabalhador (CEREST). Na Para\u00edba, a cada dia, 15 pessoas s\u00e3o v\u00edtimas de acidentes no ambiente de trabalho.<\/p>\n<p>Os n\u00fameros foram apresentados durante o encerramento da Campanha Abril Verde na Universidade Estadual da Para\u00edba (UEPB). O evento, promovido pela Comiss\u00e3o Interdisciplinar de Aten\u00e7\u00e3o Integral \u00e0 Sa\u00fade e Seguran\u00e7a do Trabalhado (CIAST) e a Pr\u00f3-reitoria de Gest\u00e3o de Pessoas (PROGEP), por meio dos Setores Sa\u00fade do Trabalhador e Servi\u00e7o Social, aconteceu na manh\u00e3 desta segunda-feira (29), no Audit\u00f3rio de Psicologia no C\u00e2mpus I.<\/p>\n<p>Durante o evento, foi feito um resumo da trajet\u00f3ria de trabalho realizado pela CIAST, desde a sua cria\u00e7\u00e3o h\u00e1 15 anos, bem como um balan\u00e7o dos trabalhos realizados na UEPB durante 10 anos da campanha Abril Verde. De forma un\u00e2nime, todas as pessoas que discursaram na mesa de abertura destacaram o avan\u00e7o da pol\u00edtica de preven\u00e7\u00e3o de acidentes executada na Institui\u00e7\u00e3o. Prova disso \u00e9 que um conjunto de a\u00e7\u00f5es preventivas s\u00e3o realizadas durante o ano nos oito c\u00e2mpus, tendo sido intensificadas na \u00faltima d\u00e9cada, no m\u00eas de abril.<\/p>\n<p><a href='https:\/\/interno.uepb.edu.br\/abril-verde-uepb-2024-06jpg\/'><img fetchpriority=\"high\" decoding=\"async\" width=\"300\" height=\"169\" src=\"https:\/\/interno.uepb.edu.br\/wp-content\/uploads\/2024\/04\/Abril-Verde-UEPB-2024-06jpg-300x169.jpeg\" class=\"attachment-medium size-medium img-responsive\" alt=\"\" srcset=\"https:\/\/interno.uepb.edu.br\/wp-content\/uploads\/2024\/04\/Abril-Verde-UEPB-2024-06jpg-300x169.jpeg 300w, https:\/\/interno.uepb.edu.br\/wp-content\/uploads\/2024\/04\/Abril-Verde-UEPB-2024-06jpg-1120x630.jpeg 1120w, https:\/\/interno.uepb.edu.br\/wp-content\/uploads\/2024\/04\/Abril-Verde-UEPB-2024-06jpg-150x84.jpeg 150w, https:\/\/interno.uepb.edu.br\/wp-content\/uploads\/2024\/04\/Abril-Verde-UEPB-2024-06jpg.jpeg 1280w\" sizes=\"(max-width: 300px) 100vw, 300px\" data-attachment-id=\"91756\" data-permalink=\"https:\/\/interno.uepb.edu.br\/abril-verde-uepb-2024-06jpg\/\" data-orig-file=\"https:\/\/interno.uepb.edu.br\/wp-content\/uploads\/2024\/04\/Abril-Verde-UEPB-2024-06jpg.jpeg\" data-orig-size=\"1280,720\" data-comments-opened=\"0\" data-image-meta=\"{&quot;aperture&quot;:&quot;0&quot;,&quot;credit&quot;:&quot;&quot;,&quot;camera&quot;:&quot;&quot;,&quot;caption&quot;:&quot;&quot;,&quot;created_timestamp&quot;:&quot;0&quot;,&quot;copyright&quot;:&quot;&quot;,&quot;focal_length&quot;:&quot;0&quot;,&quot;iso&quot;:&quot;0&quot;,&quot;shutter_speed&quot;:&quot;0&quot;,&quot;title&quot;:&quot;&quot;,&quot;orientation&quot;:&quot;0&quot;}\" data-image-title=\"Abril Verde UEPB 2024 &#8211; 06jpg\" data-image-description=\"\" data-image-caption=\"\" data-medium-file=\"https:\/\/interno.uepb.edu.br\/wp-content\/uploads\/2024\/04\/Abril-Verde-UEPB-2024-06jpg-300x169.jpeg\" data-large-file=\"https:\/\/interno.uepb.edu.br\/wp-content\/uploads\/2024\/04\/Abril-Verde-UEPB-2024-06jpg.jpeg\" \/><\/a><br \/>\n<a href='https:\/\/interno.uepb.edu.br\/abril-verde-uepb-2024-07jpg\/'><img loading=\"lazy\" decoding=\"async\" width=\"300\" height=\"169\" src=\"https:\/\/interno.uepb.edu.br\/wp-content\/uploads\/2024\/04\/Abril-Verde-UEPB-2024-07jpg-300x169.jpeg\" class=\"attachment-medium size-medium img-responsive\" alt=\"\" srcset=\"https:\/\/interno.uepb.edu.br\/wp-content\/uploads\/2024\/04\/Abril-Verde-UEPB-2024-07jpg-300x169.jpeg 300w, https:\/\/interno.uepb.edu.br\/wp-content\/uploads\/2024\/04\/Abril-Verde-UEPB-2024-07jpg-1120x630.jpeg 1120w, https:\/\/interno.uepb.edu.br\/wp-content\/uploads\/2024\/04\/Abril-Verde-UEPB-2024-07jpg-150x84.jpeg 150w, https:\/\/interno.uepb.edu.br\/wp-content\/uploads\/2024\/04\/Abril-Verde-UEPB-2024-07jpg.jpeg 1280w\" sizes=\"auto, (max-width: 300px) 100vw, 300px\" data-attachment-id=\"91755\" data-permalink=\"https:\/\/interno.uepb.edu.br\/abril-verde-uepb-2024-07jpg\/\" data-orig-file=\"https:\/\/interno.uepb.edu.br\/wp-content\/uploads\/2024\/04\/Abril-Verde-UEPB-2024-07jpg.jpeg\" data-orig-size=\"1280,720\" data-comments-opened=\"0\" data-image-meta=\"{&quot;aperture&quot;:&quot;0&quot;,&quot;credit&quot;:&quot;&quot;,&quot;camera&quot;:&quot;&quot;,&quot;caption&quot;:&quot;&quot;,&quot;created_timestamp&quot;:&quot;0&quot;,&quot;copyright&quot;:&quot;&quot;,&quot;focal_length&quot;:&quot;0&quot;,&quot;iso&quot;:&quot;0&quot;,&quot;shutter_speed&quot;:&quot;0&quot;,&quot;title&quot;:&quot;&quot;,&quot;orientation&quot;:&quot;0&quot;}\" data-image-title=\"Abril Verde UEPB 2024 &#8211; 07jpg\" data-image-description=\"\" data-image-caption=\"\" data-medium-file=\"https:\/\/interno.uepb.edu.br\/wp-content\/uploads\/2024\/04\/Abril-Verde-UEPB-2024-07jpg-300x169.jpeg\" data-large-file=\"https:\/\/interno.uepb.edu.br\/wp-content\/uploads\/2024\/04\/Abril-Verde-UEPB-2024-07jpg.jpeg\" \/><\/a><br \/>\n<a href='https:\/\/interno.uepb.edu.br\/abril-verde-uepb-2024-02\/'><img loading=\"lazy\" decoding=\"async\" width=\"300\" height=\"200\" src=\"https:\/\/interno.uepb.edu.br\/wp-content\/uploads\/2024\/04\/Abril-Verde-UEPB-2024-02-300x200.jpg\" class=\"attachment-medium size-medium img-responsive\" alt=\"\" srcset=\"https:\/\/interno.uepb.edu.br\/wp-content\/uploads\/2024\/04\/Abril-Verde-UEPB-2024-02-300x200.jpg 300w, https:\/\/interno.uepb.edu.br\/wp-content\/uploads\/2024\/04\/Abril-Verde-UEPB-2024-02-1536x1024.jpg 1536w, https:\/\/interno.uepb.edu.br\/wp-content\/uploads\/2024\/04\/Abril-Verde-UEPB-2024-02-1120x747.jpg 1120w, https:\/\/interno.uepb.edu.br\/wp-content\/uploads\/2024\/04\/Abril-Verde-UEPB-2024-02-150x100.jpg 150w, https:\/\/interno.uepb.edu.br\/wp-content\/uploads\/2024\/04\/Abril-Verde-UEPB-2024-02.jpg 1620w\" sizes=\"auto, (max-width: 300px) 100vw, 300px\" data-attachment-id=\"91760\" data-permalink=\"https:\/\/interno.uepb.edu.br\/abril-verde-uepb-2024-02\/\" data-orig-file=\"https:\/\/interno.uepb.edu.br\/wp-content\/uploads\/2024\/04\/Abril-Verde-UEPB-2024-02.jpg\" data-orig-size=\"1620,1080\" data-comments-opened=\"0\" data-image-meta=\"{&quot;aperture&quot;:&quot;0&quot;,&quot;credit&quot;:&quot;&quot;,&quot;camera&quot;:&quot;&quot;,&quot;caption&quot;:&quot;&quot;,&quot;created_timestamp&quot;:&quot;0&quot;,&quot;copyright&quot;:&quot;&quot;,&quot;focal_length&quot;:&quot;0&quot;,&quot;iso&quot;:&quot;0&quot;,&quot;shutter_speed&quot;:&quot;0&quot;,&quot;title&quot;:&quot;&quot;,&quot;orientation&quot;:&quot;0&quot;}\" data-image-title=\"Abril Verde UEPB 2024 &#8211; 02\" data-image-description=\"\" data-image-caption=\"\" data-medium-file=\"https:\/\/interno.uepb.edu.br\/wp-content\/uploads\/2024\/04\/Abril-Verde-UEPB-2024-02-300x200.jpg\" data-large-file=\"https:\/\/interno.uepb.edu.br\/wp-content\/uploads\/2024\/04\/Abril-Verde-UEPB-2024-02.jpg\" \/><\/a><br \/>\n<a href='https:\/\/interno.uepb.edu.br\/abril-verde-uepb-2024-08jpg\/'><img loading=\"lazy\" decoding=\"async\" width=\"300\" height=\"169\" src=\"https:\/\/interno.uepb.edu.br\/wp-content\/uploads\/2024\/04\/Abril-Verde-UEPB-2024-08jpg-300x169.jpeg\" class=\"attachment-medium size-medium img-responsive\" alt=\"\" srcset=\"https:\/\/interno.uepb.edu.br\/wp-content\/uploads\/2024\/04\/Abril-Verde-UEPB-2024-08jpg-300x169.jpeg 300w, https:\/\/interno.uepb.edu.br\/wp-content\/uploads\/2024\/04\/Abril-Verde-UEPB-2024-08jpg-1120x630.jpeg 1120w, https:\/\/interno.uepb.edu.br\/wp-content\/uploads\/2024\/04\/Abril-Verde-UEPB-2024-08jpg-150x84.jpeg 150w, https:\/\/interno.uepb.edu.br\/wp-content\/uploads\/2024\/04\/Abril-Verde-UEPB-2024-08jpg.jpeg 1280w\" sizes=\"auto, (max-width: 300px) 100vw, 300px\" data-attachment-id=\"91754\" data-permalink=\"https:\/\/interno.uepb.edu.br\/abril-verde-uepb-2024-08jpg\/\" data-orig-file=\"https:\/\/interno.uepb.edu.br\/wp-content\/uploads\/2024\/04\/Abril-Verde-UEPB-2024-08jpg.jpeg\" data-orig-size=\"1280,720\" data-comments-opened=\"0\" data-image-meta=\"{&quot;aperture&quot;:&quot;0&quot;,&quot;credit&quot;:&quot;&quot;,&quot;camera&quot;:&quot;&quot;,&quot;caption&quot;:&quot;&quot;,&quot;created_timestamp&quot;:&quot;0&quot;,&quot;copyright&quot;:&quot;&quot;,&quot;focal_length&quot;:&quot;0&quot;,&quot;iso&quot;:&quot;0&quot;,&quot;shutter_speed&quot;:&quot;0&quot;,&quot;title&quot;:&quot;&quot;,&quot;orientation&quot;:&quot;0&quot;}\" data-image-title=\"Abril Verde UEPB 2024 &#8211; 08jpg\" data-image-description=\"\" data-image-caption=\"\" data-medium-file=\"https:\/\/interno.uepb.edu.br\/wp-content\/uploads\/2024\/04\/Abril-Verde-UEPB-2024-08jpg-300x169.jpeg\" data-large-file=\"https:\/\/interno.uepb.edu.br\/wp-content\/uploads\/2024\/04\/Abril-Verde-UEPB-2024-08jpg.jpeg\" \/><\/a><\/p>\n<p>A atividade desta segunda-feira marcou a culmin\u00e2ncia dos trabalhos realizados pela UEPB na campanha deste ano que teve como tema \u201cAbril Verde \u2013 10 anos: adoecimento tamb\u00e9m \u00e9 acidente de trabalho\u201d. O evento contou com a presen\u00e7a da vice-reitora, professora Ivonildes Fonseca; da pr\u00f3-reitora de Gest\u00e3o de Pessoas, Ana Paula Lima; da coordenadora da CIAST, Joselma Lacerda; o representante do Sindicato dos Trabalhadores em Ensino Superior do Estado da Para\u00edba (SINTESPB\/UEPB), Gustavo Terto; al\u00e9m dos convidados e parceiros da Institui\u00e7\u00e3o: o procurador do Minist\u00e9rio P\u00fablico do Trabalho, Marcos Ant\u00f4nio Almeida; a coordenadora do CEREST, Camila Mendes; e a gerente de servi\u00e7os especializados da Prefeitura Municipal de Campina Grande, Ana Carla.<\/p>\n<p>As boas-vindas aos presentes foram dadas pela vice-reitora Ivonildes Fonseca que destacou a preocupa\u00e7\u00e3o da UEPB em garantir um ambiente seguro para os servidores, al\u00e9m de ter todo um cuidado com a sa\u00fade tanto f\u00edsica como psicol\u00f3gica. \u201cEstou muito feliz em fazer parte deste ambiente em que n\u00e3o se discute apenas o direito ao trabalho, mas tamb\u00e9m o cuidado no exerc\u00edcio do trabalho. Eu quero dizer que n\u00f3s reconhecemos o trabalho da PROGEP e da CIAST porque sempre est\u00e3o nos diversos c\u00e2mpus com a\u00e7\u00f5es e com atua\u00e7\u00e3o muito intensa\u201d, ressaltou.<\/p>\n<p>Em meio a divulga\u00e7\u00e3o das a\u00e7\u00f5es da UEPB voltada para o cuidado e a sa\u00fade dos(as) servidores(as), o procurador do Minist\u00e9rio P\u00fablico do Trabalho, Marcos Ant\u00f4nio Almeida, defendeu o avan\u00e7o das a\u00e7\u00f5es que visam alertar a sociedade acerca da necessidade de se resguardar e garantir um ambiente de trabalho digno e seguro. Ele elogiou a iniciativa da UEPB que, segundo ele, visa trazer esse alerta sobre os riscos inerentes de acidentes no ambiente de trabalho no setor p\u00fablico.<\/p>\n<p>\u201cMuito relevantes a\u00e7\u00f5es como essas porque visam alertar sobre os riscos de acidentes de trabalho e como prevenir as doen\u00e7as ocupacionais para que se possa resguardar a integridade f\u00edsica e tamb\u00e9m mental desses trabalhadores\u201d, observou enfatizando que na Para\u00edba e no Brasil os \u00edndices ainda s\u00e3o alarmantes, sendo que no Estado, todos os dias pelo menos 15 trabalhadores sofrem algum tipo de acidente.<\/p>\n<p>Em sua participa\u00e7\u00e3o, a coordenadora do CEREST, Camila Mendes apresentou n\u00fameros alarmantes. Segundo os dados, Campina Grande \u00e9 o segundo munic\u00edpio do Estado e o 34\u00ba do Pa\u00eds em ocorr\u00eancia de acidentes de trabalho. Em m\u00e9dia, cinco acidentes por dia s\u00e3o registrados na cidade. Os dados servem de alerta e a\u00e7\u00f5es como as realizadas pela UEPB que podem contribuir para reduzir as estat\u00edsticas.<img loading=\"lazy\" decoding=\"async\" data-attachment-id=\"91759\" data-permalink=\"https:\/\/interno.uepb.edu.br\/encerramento-do-abril-verde-mostra-acoes-de-prevencao-e-alerta-sobre-perigos-de-acidentes-de-trabalho\/abril-verde-uepb-2024-03\/\" data-orig-file=\"https:\/\/interno.uepb.edu.br\/wp-content\/uploads\/2024\/04\/Abril-Verde-UEPB-2024-03.jpg\" data-orig-size=\"1080,1620\" data-comments-opened=\"0\" data-image-meta=\"{&quot;aperture&quot;:&quot;0&quot;,&quot;credit&quot;:&quot;&quot;,&quot;camera&quot;:&quot;&quot;,&quot;caption&quot;:&quot;&quot;,&quot;created_timestamp&quot;:&quot;0&quot;,&quot;copyright&quot;:&quot;&quot;,&quot;focal_length&quot;:&quot;0&quot;,&quot;iso&quot;:&quot;0&quot;,&quot;shutter_speed&quot;:&quot;0&quot;,&quot;title&quot;:&quot;&quot;,&quot;orientation&quot;:&quot;0&quot;}\" data-image-title=\"Abril Verde UEPB 2024 &#8211; 03\" data-image-description=\"\" data-image-caption=\"\" data-medium-file=\"https:\/\/interno.uepb.edu.br\/wp-content\/uploads\/2024\/04\/Abril-Verde-UEPB-2024-03-200x300.jpg\" data-large-file=\"https:\/\/interno.uepb.edu.br\/wp-content\/uploads\/2024\/04\/Abril-Verde-UEPB-2024-03.jpg\" class=\"wp-image-91759 alignleft img-responsive img-responsive\" src=\"https:\/\/interno.uepb.edu.br\/wp-content\/uploads\/2024\/04\/Abril-Verde-UEPB-2024-03.jpg\" alt=\"\" width=\"220\" height=\"331\" srcset=\"https:\/\/interno.uepb.edu.br\/wp-content\/uploads\/2024\/04\/Abril-Verde-UEPB-2024-03.jpg 1080w, https:\/\/interno.uepb.edu.br\/wp-content\/uploads\/2024\/04\/Abril-Verde-UEPB-2024-03-200x300.jpg 200w, https:\/\/interno.uepb.edu.br\/wp-content\/uploads\/2024\/04\/Abril-Verde-UEPB-2024-03-1024x1536.jpg 1024w, https:\/\/interno.uepb.edu.br\/wp-content\/uploads\/2024\/04\/Abril-Verde-UEPB-2024-03-531x796.jpg 531w, https:\/\/interno.uepb.edu.br\/wp-content\/uploads\/2024\/04\/Abril-Verde-UEPB-2024-03-150x225.jpg 150w\" sizes=\"auto, (max-width: 220px) 100vw, 220px\" \/><\/p>\n<p>A representante da Prefeitura de Campina Grande, Ana Carla tamb\u00e9m fez um alerta para a necessidade de a\u00e7\u00f5es ao longo de todo o ano para evitar o crescimento das estat\u00edsticas e resguardar cada vez mais a vida dos trabalhadores. J\u00e1 a coordenadora do CIAST, Joselma Lacerda enfatizou que o Abril Verde faz parte de uma grande campanha comemorada no dia 28 de abril em mem\u00f3ria das v\u00edtimas de acidentes de trabalho. \u201cEssa campanha tem o sentido de conscientizar e discutir essa quest\u00e3o de sa\u00fade do trabalhador com a sociedade, mostrando a necessidade da preven\u00e7\u00e3o do acidente de trabalho. A tem\u00e1tica deste ano aponta para um tipo de doen\u00e7a que s\u00f3 \u00e9 manifestada no decorrer do tempo\u201d observou.<\/p>\n<p>Um dos momentos marcantes do evento foi a leitura da \u201cCarta da Sa\u00fade do Trabalhador, uma Constru\u00e7\u00e3o Hist\u00f3rica\u201d, feita pela assistente social Juliana Granjeiro (foto \u00e0 esquerda). Na leitura, ela fez um resumo dos 15 anos da pol\u00edtica de preven\u00e7\u00e3o do acidente de trabalho na UEPB. Ela destacou algumas a\u00e7\u00f5es como cursos e semin\u00e1rios, al\u00e9m da ades\u00e3o h\u00e1 10 anos da campanha nacional do Abril Verde.<\/p>\n<p>O momento reflexivo seguiu com a exibi\u00e7\u00e3o do v\u00eddeo \u201c10 Anos do Abril Verde na UEPB\u201d, com um resumo de uma d\u00e9cada de trabalho. O evento foi encerrado com as mesas tem\u00e1ticas \u201cA import\u00e2ncia da notifica\u00e7\u00e3o em Sa\u00fade e Seguran\u00e7a do Trabalho\u201d, \u201cOcorr\u00eancias de sa\u00fade e acidentes de trabalho \u2013 como proceder\u201d, e o \u201cLan\u00e7amento e Treinamento da CIAST.<\/p>\n<p><a href='https:\/\/interno.uepb.edu.br\/abril-verde-uepb-2024-05\/'><img loading=\"lazy\" decoding=\"async\" width=\"300\" height=\"200\" src=\"https:\/\/interno.uepb.edu.br\/wp-content\/uploads\/2024\/04\/Abril-Verde-UEPB-2024-05-300x200.jpg\" class=\"attachment-medium size-medium img-responsive\" alt=\"\" srcset=\"https:\/\/interno.uepb.edu.br\/wp-content\/uploads\/2024\/04\/Abril-Verde-UEPB-2024-05-300x200.jpg 300w, https:\/\/interno.uepb.edu.br\/wp-content\/uploads\/2024\/04\/Abril-Verde-UEPB-2024-05-1536x1024.jpg 1536w, https:\/\/interno.uepb.edu.br\/wp-content\/uploads\/2024\/04\/Abril-Verde-UEPB-2024-05-1120x747.jpg 1120w, https:\/\/interno.uepb.edu.br\/wp-content\/uploads\/2024\/04\/Abril-Verde-UEPB-2024-05-150x100.jpg 150w, https:\/\/interno.uepb.edu.br\/wp-content\/uploads\/2024\/04\/Abril-Verde-UEPB-2024-05.jpg 1620w\" sizes=\"auto, (max-width: 300px) 100vw, 300px\" data-attachment-id=\"91757\" data-permalink=\"https:\/\/interno.uepb.edu.br\/abril-verde-uepb-2024-05\/\" data-orig-file=\"https:\/\/interno.uepb.edu.br\/wp-content\/uploads\/2024\/04\/Abril-Verde-UEPB-2024-05.jpg\" data-orig-size=\"1620,1080\" data-comments-opened=\"0\" data-image-meta=\"{&quot;aperture&quot;:&quot;0&quot;,&quot;credit&quot;:&quot;&quot;,&quot;camera&quot;:&quot;&quot;,&quot;caption&quot;:&quot;&quot;,&quot;created_timestamp&quot;:&quot;0&quot;,&quot;copyright&quot;:&quot;&quot;,&quot;focal_length&quot;:&quot;0&quot;,&quot;iso&quot;:&quot;0&quot;,&quot;shutter_speed&quot;:&quot;0&quot;,&quot;title&quot;:&quot;&quot;,&quot;orientation&quot;:&quot;0&quot;}\" data-image-title=\"Abril Verde UEPB 2024 &#8211; 05\" data-image-description=\"\" data-image-caption=\"\" data-medium-file=\"https:\/\/interno.uepb.edu.br\/wp-content\/uploads\/2024\/04\/Abril-Verde-UEPB-2024-05-300x200.jpg\" data-large-file=\"https:\/\/interno.uepb.edu.br\/wp-content\/uploads\/2024\/04\/Abril-Verde-UEPB-2024-05.jpg\" \/><\/a><br \/>\n<a href='https:\/\/interno.uepb.edu.br\/abril-verde-uepb-2024-04\/'><img loading=\"lazy\" decoding=\"async\" width=\"300\" height=\"200\" src=\"https:\/\/interno.uepb.edu.br\/wp-content\/uploads\/2024\/04\/Abril-Verde-UEPB-2024-04-300x200.jpg\" class=\"attachment-medium size-medium img-responsive\" alt=\"\" srcset=\"https:\/\/interno.uepb.edu.br\/wp-content\/uploads\/2024\/04\/Abril-Verde-UEPB-2024-04-300x200.jpg 300w, https:\/\/interno.uepb.edu.br\/wp-content\/uploads\/2024\/04\/Abril-Verde-UEPB-2024-04-1536x1024.jpg 1536w, https:\/\/interno.uepb.edu.br\/wp-content\/uploads\/2024\/04\/Abril-Verde-UEPB-2024-04-1120x747.jpg 1120w, https:\/\/interno.uepb.edu.br\/wp-content\/uploads\/2024\/04\/Abril-Verde-UEPB-2024-04-150x100.jpg 150w, https:\/\/interno.uepb.edu.br\/wp-content\/uploads\/2024\/04\/Abril-Verde-UEPB-2024-04.jpg 1620w\" sizes=\"auto, (max-width: 300px) 100vw, 300px\" data-attachment-id=\"91758\" data-permalink=\"https:\/\/interno.uepb.edu.br\/abril-verde-uepb-2024-04\/\" data-orig-file=\"https:\/\/interno.uepb.edu.br\/wp-content\/uploads\/2024\/04\/Abril-Verde-UEPB-2024-04.jpg\" data-orig-size=\"1620,1080\" data-comments-opened=\"0\" data-image-meta=\"{&quot;aperture&quot;:&quot;0&quot;,&quot;credit&quot;:&quot;&quot;,&quot;camera&quot;:&quot;&quot;,&quot;caption&quot;:&quot;&quot;,&quot;created_timestamp&quot;:&quot;0&quot;,&quot;copyright&quot;:&quot;&quot;,&quot;focal_length&quot;:&quot;0&quot;,&quot;iso&quot;:&quot;0&quot;,&quot;shutter_speed&quot;:&quot;0&quot;,&quot;title&quot;:&quot;&quot;,&quot;orientation&quot;:&quot;0&quot;}\" data-image-title=\"Abril Verde UEPB 2024 &#8211; 04\" data-image-description=\"\" data-image-caption=\"\" data-medium-file=\"https:\/\/interno.uepb.edu.br\/wp-content\/uploads\/2024\/04\/Abril-Verde-UEPB-2024-04-300x200.jpg\" data-large-file=\"https:\/\/interno.uepb.edu.br\/wp-content\/uploads\/2024\/04\/Abril-Verde-UEPB-2024-04.jpg\" \/><\/a><\/p>\n<p><em><strong>Texto:<\/strong> Severino Lopes<\/em><br \/>\n<em><strong>Fotos:<\/strong> Severino Lopes e Pazinha Lemos<\/em><\/p>\n","protected":false},"excerpt":{"rendered":"<p>Os dados s\u00e3o preocupantes. Durante os anos de 2022 e 2023, mais de cinco mil acidentes de trabalho aconteceram em Campina Grande e nos demais 69 munic\u00edpios da macrorregi\u00e3o de abrang\u00eancia do Centro de Refer\u00eancia em Sa\u00fade do Trabalhador (CEREST). Na Para\u00edba, a cada dia, 15 pessoas s\u00e3o v\u00edtimas de acidentes no ambiente de trabalho. <a class=\"leiamais\" href=\"https:\/\/interno.uepb.edu.br\/encerramento-do-abril-verde-mostra-acoes-de-prevencao-e-alerta-sobre-perigos-de-acidentes-de-trabalho\/\">Leia Mais&#8230;<\/a><\/p>\n","protected":false},"author":8,"featured_media":0,"comment_status":"closed","ping_status":"closed","sticky":false,"template":"","format":"standard","meta":{"_acf_changed":false,"jetpack_post_was_ever_published":false,"_jetpack_newsletter_access":"","_jetpack_dont_email_post_to_subs":false,"_jetpack_newsletter_tier_id":0,"_jetpack_memberships_contains_paywalled_content":false,"_jetpack_memberships_contains_paid_content":false,"footnotes":""},"categories":[4,5,37,7,8],"tags":[],"class_list":["post-361","post","type-post","status-publish","format-standard","hentry","category-ciast","category-noticias","category-noticias-destaque-img","category-noticias-tecnicos","category-progep"],"acf":[],"jetpack_featured_media_url":"","jetpack_sharing_enabled":true,"jetpack_shortlink":"https:\/\/wp.me\/p7TtJV-5P","_links":{"self":[{"href":"https:\/\/comissoes.uepb.edu.br\/ciast\/wp-json\/wp\/v2\/posts\/361","targetHints":{"allow":["GET"]}}],"collection":[{"href":"https:\/\/comissoes.uepb.edu.br\/ciast\/wp-json\/wp\/v2\/posts"}],"about":[{"href":"https:\/\/comissoes.uepb.edu.br\/ciast\/wp-json\/wp\/v2\/types\/post"}],"author":[{"embeddable":true,"href":"https:\/\/comissoes.uepb.edu.br\/ciast\/wp-json\/wp\/v2\/users\/8"}],"replies":[{"embeddable":true,"href":"https:\/\/comissoes.uepb.edu.br\/ciast\/wp-json\/wp\/v2\/comments?post=361"}],"version-history":[{"count":1,"href":"https:\/\/comissoes.uepb.edu.br\/ciast\/wp-json\/wp\/v2\/posts\/361\/revisions"}],"predecessor-version":[{"id":362,"href":"https:\/\/comissoes.uepb.edu.br\/ciast\/wp-json\/wp\/v2\/posts\/361\/revisions\/362"}],"wp:attachment":[{"href":"https:\/\/comissoes.uepb.edu.br\/ciast\/wp-json\/wp\/v2\/media?parent=361"}],"wp:term":[{"taxonomy":"category","embeddable":true,"href":"https:\/\/comissoes.uepb.edu.br\/ciast\/wp-json\/wp\/v2\/categories?post=361"},{"taxonomy":"post_tag","embeddable":true,"href":"https:\/\/comissoes.uepb.edu.br\/ciast\/wp-json\/wp\/v2\/tags?post=361"}],"curies":[{"name":"wp","href":"https:\/\/api.w.org\/{rel}","templated":true}]}}