{"id":313,"date":"2023-11-23T14:06:00","date_gmt":"2023-11-23T17:06:00","guid":{"rendered":"https:\/\/interno.uepb.edu.br\/?p=89201"},"modified":"2023-11-23T14:06:00","modified_gmt":"2023-11-23T17:06:00","slug":"saude-do-trabalhador-encerra-ciclo-de-treinamentos-de-2023-com-mais-de-110-servidores-capacitados","status":"publish","type":"post","link":"https:\/\/comissoes.uepb.edu.br\/ciast\/saude-do-trabalhador-encerra-ciclo-de-treinamentos-de-2023-com-mais-de-110-servidores-capacitados\/","title":{"rendered":"Sa\u00fade do Trabalhador encerra ciclo de treinamentos de 2023 com mais de 110 servidores capacitados"},"content":{"rendered":"<p><img fetchpriority=\"high\" decoding=\"async\" data-attachment-id=\"89202\" data-permalink=\"https:\/\/interno.uepb.edu.br\/saude-do-trabalhador-encerra-ciclo-de-treinamentos-de-2023-com-mais-de-110-servidores-capacitados\/curso-treinamento-de-brigada-de-incendio-do-ano-de-2023\/\" data-orig-file=\"https:\/\/interno.uepb.edu.br\/wp-content\/uploads\/2023\/11\/Curso-Treinamento-de-Brigada-de-Incendio-do-ano-de-2023.jpeg\" data-orig-size=\"1280,1280\" data-comments-opened=\"0\" data-image-meta=\"{&quot;aperture&quot;:&quot;0&quot;,&quot;credit&quot;:&quot;&quot;,&quot;camera&quot;:&quot;&quot;,&quot;caption&quot;:&quot;&quot;,&quot;created_timestamp&quot;:&quot;0&quot;,&quot;copyright&quot;:&quot;&quot;,&quot;focal_length&quot;:&quot;0&quot;,&quot;iso&quot;:&quot;0&quot;,&quot;shutter_speed&quot;:&quot;0&quot;,&quot;title&quot;:&quot;&quot;,&quot;orientation&quot;:&quot;0&quot;}\" data-image-title=\"Curso Treinamento de Brigada de Inc\u00eandio do ano de 2023\" data-image-description=\"\" data-image-caption=\"\" data-medium-file=\"https:\/\/interno.uepb.edu.br\/wp-content\/uploads\/2023\/11\/Curso-Treinamento-de-Brigada-de-Incendio-do-ano-de-2023-300x300.jpeg\" data-large-file=\"https:\/\/interno.uepb.edu.br\/wp-content\/uploads\/2023\/11\/Curso-Treinamento-de-Brigada-de-Incendio-do-ano-de-2023.jpeg\" class=\"alignnone size-full wp-image-89202 img-responsive img-responsive\" src=\"https:\/\/interno.uepb.edu.br\/wp-content\/uploads\/2023\/11\/Curso-Treinamento-de-Brigada-de-Incendio-do-ano-de-2023.jpeg\" alt=\"\" width=\"1280\" height=\"1280\" srcset=\"https:\/\/interno.uepb.edu.br\/wp-content\/uploads\/2023\/11\/Curso-Treinamento-de-Brigada-de-Incendio-do-ano-de-2023.jpeg 1280w, https:\/\/interno.uepb.edu.br\/wp-content\/uploads\/2023\/11\/Curso-Treinamento-de-Brigada-de-Incendio-do-ano-de-2023-300x300.jpeg 300w, https:\/\/interno.uepb.edu.br\/wp-content\/uploads\/2023\/11\/Curso-Treinamento-de-Brigada-de-Incendio-do-ano-de-2023-796x796.jpeg 796w, https:\/\/interno.uepb.edu.br\/wp-content\/uploads\/2023\/11\/Curso-Treinamento-de-Brigada-de-Incendio-do-ano-de-2023-96x96.jpeg 96w, https:\/\/interno.uepb.edu.br\/wp-content\/uploads\/2023\/11\/Curso-Treinamento-de-Brigada-de-Incendio-do-ano-de-2023-150x150.jpeg 150w\" sizes=\"(max-width: 1280px) 100vw, 1280px\" \/>Com resultados satisfat\u00f3rios, o Setor de Sa\u00fade do Trabalhador da Pr\u00f3-reitoria de Gest\u00e3o de Pessoas (PROGEP) da Universidade Estadual da Para\u00edba (UEPB), encerrou o ciclo de treinamentos de 2023. Ao total, foram 15 dias de treinamento e sete turmas formadas, distribu\u00eddos entre os meses de abril a novembro deste ano. No total, 111 servidores foram capacitados ao longo do ano.<\/p>\n<p>Nos c\u00e2mpus de Campina Grande (I) e Lagoa Seca (II), o encerramento do curso aconteceu nesta ter\u00e7a-feira (21). Esta atividade realizada foi referente ao curso b\u00e1sico de combate a princ\u00edpio de inc\u00eandio, curso da brigada de inc\u00eandio e primeiros socorros, e treinamento da NR 35 destinado para o trabalho em altura. O treinamento intitulado \u201cBrigada de inc\u00eandio\u201d teve como objetivo capacitar pessoas para atuarem de forma eficiente e segura no combate a princ\u00edpios de inc\u00eandio e na evacua\u00e7\u00e3o de ambientes em situa\u00e7\u00f5es de emerg\u00eancia.<\/p>\n<p>O curso foi realizado em cumprimento \u00e0s exig\u00eancias das Normativas do Corpo de Bombeiros do Estado da Para\u00edba e da NBR 14276\/2020. De acordo com as referidas normas, cada edifica\u00e7\u00e3o deve possuir um n\u00famero determinado de funcion\u00e1rios treinados para compor a Brigada. Diante disso, todas as edifica\u00e7\u00f5es dos c\u00e2mpus I e II contam com n\u00famero m\u00ednimo de brigadistas preparados para realizar essas a\u00e7\u00f5es.<\/p>\n<p>J\u00e1 o curso de Primeiros Socorros teve como objetivo capacitar pessoas a lidar com situa\u00e7\u00f5es de emerg\u00eancia e prestar assist\u00eancia inicial a indiv\u00edduos feridos ou doentes, antes da chegada de profissionais de sa\u00fade. O NR 35 visa prevenir acidentes e garantir a seguran\u00e7a dos trabalhadores que desempenham atividades em altura. \u00c9 crucial que tanto empregadores quanto trabalhadores estejam cientes das normas e procedimentos estabelecidos pela norma para garantir um ambiente de trabalho seguro e em conformidade com a legisla\u00e7\u00e3o.<\/p>\n<p>Segundo a equipe da PROGEP, todos os cursos contemplaram teoria e pr\u00e1tica, proporcionando aos participantes as habilidades e conhecimentos necess\u00e1rios para responderem eficazmente a diferentes cen\u00e1rios de emerg\u00eancia. Todos os treinamentos foram ministrados pelos pr\u00f3prios servidores do Setor Sa\u00fade do Trabalhador, entre eles Luanna Batista Azevedo Santos, que \u00e9 t\u00e9cnica de Enfermagem enfermeira do Trabalho; Valdenier Jos\u00e9 da Costa Silva, t\u00e9cnico de Seguran\u00e7a do Trabalho e bombeiro civil, al\u00e9m de instrutor da NR 35; Danielle Ginuino Correia, t\u00e9cnica de Seguran\u00e7a do Trabalho e engenheira de Seguran\u00e7a do Trabalho.<\/p>\n<p><em><strong>Texto:<\/strong> Severino Lopes<\/em><br \/>\n<em><strong>Foto:<\/strong> Divulga\u00e7\u00e3o<\/em><\/p>\n","protected":false},"excerpt":{"rendered":"<p>Com resultados satisfat\u00f3rios, o Setor de Sa\u00fade do Trabalhador da Pr\u00f3-reitoria de Gest\u00e3o de Pessoas (PROGEP) da Universidade Estadual da Para\u00edba (UEPB), encerrou o ciclo de treinamentos de 2023. Ao total, foram 15 dias de treinamento e sete turmas formadas, distribu\u00eddos entre os meses de abril a novembro deste ano. No total, 111 servidores foram <a class=\"leiamais\" href=\"https:\/\/interno.uepb.edu.br\/saude-do-trabalhador-encerra-ciclo-de-treinamentos-de-2023-com-mais-de-110-servidores-capacitados\/\">Leia Mais&#8230;<\/a><\/p>\n","protected":false},"author":8,"featured_media":0,"comment_status":"closed","ping_status":"closed","sticky":false,"template":"","format":"standard","meta":{"_acf_changed":false,"jetpack_post_was_ever_published":false,"_jetpack_newsletter_access":"","_jetpack_dont_email_post_to_subs":false,"_jetpack_newsletter_tier_id":0,"_jetpack_memberships_contains_paywalled_content":false,"_jetpack_memberships_contains_paid_content":false,"footnotes":""},"categories":[4,5,9,7,8],"tags":[],"class_list":["post-313","post","type-post","status-publish","format-standard","hentry","category-ciast","category-noticias","category-noticias-destaque","category-noticias-tecnicos","category-progep"],"acf":[],"jetpack_featured_media_url":"","jetpack_sharing_enabled":true,"jetpack_shortlink":"https:\/\/wp.me\/p7TtJV-53","_links":{"self":[{"href":"https:\/\/comissoes.uepb.edu.br\/ciast\/wp-json\/wp\/v2\/posts\/313","targetHints":{"allow":["GET"]}}],"collection":[{"href":"https:\/\/comissoes.uepb.edu.br\/ciast\/wp-json\/wp\/v2\/posts"}],"about":[{"href":"https:\/\/comissoes.uepb.edu.br\/ciast\/wp-json\/wp\/v2\/types\/post"}],"author":[{"embeddable":true,"href":"https:\/\/comissoes.uepb.edu.br\/ciast\/wp-json\/wp\/v2\/users\/8"}],"replies":[{"embeddable":true,"href":"https:\/\/comissoes.uepb.edu.br\/ciast\/wp-json\/wp\/v2\/comments?post=313"}],"version-history":[{"count":1,"href":"https:\/\/comissoes.uepb.edu.br\/ciast\/wp-json\/wp\/v2\/posts\/313\/revisions"}],"predecessor-version":[{"id":314,"href":"https:\/\/comissoes.uepb.edu.br\/ciast\/wp-json\/wp\/v2\/posts\/313\/revisions\/314"}],"wp:attachment":[{"href":"https:\/\/comissoes.uepb.edu.br\/ciast\/wp-json\/wp\/v2\/media?parent=313"}],"wp:term":[{"taxonomy":"category","embeddable":true,"href":"https:\/\/comissoes.uepb.edu.br\/ciast\/wp-json\/wp\/v2\/categories?post=313"},{"taxonomy":"post_tag","embeddable":true,"href":"https:\/\/comissoes.uepb.edu.br\/ciast\/wp-json\/wp\/v2\/tags?post=313"}],"curies":[{"name":"wp","href":"https:\/\/api.w.org\/{rel}","templated":true}]}}