{"id":295,"date":"2023-09-26T11:50:24","date_gmt":"2023-09-26T14:50:24","guid":{"rendered":"https:\/\/interno.uepb.edu.br\/?p=88105"},"modified":"2023-09-26T11:50:24","modified_gmt":"2023-09-26T14:50:24","slug":"comissao-interdisciplinar-de-atencao-integral-a-saude-e-seguranca-do-trabalho-inicia-nova-gestao","status":"publish","type":"post","link":"https:\/\/comissoes.uepb.edu.br\/ciast\/comissao-interdisciplinar-de-atencao-integral-a-saude-e-seguranca-do-trabalho-inicia-nova-gestao\/","title":{"rendered":"Comiss\u00e3o Interdisciplinar de Aten\u00e7\u00e3o Integral \u00e0 Sa\u00fade e Seguran\u00e7a do Trabalho inicia nova gest\u00e3o"},"content":{"rendered":"<p>A Comiss\u00e3o Interdisciplinar de Aten\u00e7\u00e3o Integral \u00e0 Sa\u00fade e Seguran\u00e7a do Trabalho (CIAST), vinculada \u00e0 Reitoria da Universidade Estadual da Para\u00edba (UEPB), iniciou as atividades da nova gest\u00e3o escolhida para o bi\u00eanio 2023-2025. Na primeira reuni\u00e3o, realizada nesta sexta-feira (22), foram apresentados os novos membros, bem como foi apresentado o relat\u00f3rio de atividades do bi\u00eanio (2020-2022). As reuni\u00f5es ordin\u00e1rias da CIAST acontecem todas as terceiras sextas-feiras de cada m\u00eas, \u00e0s 9h.<\/p>\n<p>Segundo Juliana Grangeiro Sales Bezerra, representante Reitoria na CIAST, a Comiss\u00e3o teve um papel important\u00edssimo no per\u00edodo pand\u00eamico, sendo respons\u00e1vel junto com o Comit\u00ea de Conting\u00eancia de Crise da Covid-19 e PROGEP pela gest\u00e3o de a\u00e7\u00f5es de cuidado e prote\u00e7\u00e3o de toda comunidade universit\u00e1ria naquele per\u00edodo.<\/p>\n<p>Regulamentada atrav\u00e9s da Portaria\/UEPB\/GR\/0630\/2023, publicada no DOE\/PB 22 de julho de 2023, a CIAST \u00e9 uma Comiss\u00e3o que por meio de atividades consultivas e deliberativas responde pelo gerenciamento e organiza\u00e7\u00e3o da sa\u00fade e seguran\u00e7a do trabalho da UEPB. A nova composi\u00e7\u00e3o da CIAST \u00e9 formada por representantes da Reitoria, docentes e t\u00e9cnicos administrativos e uma equipe multidisciplinar que, por meio de atividades responde pelo gerenciamento e organiza\u00e7\u00e3o da sa\u00fade e seguran\u00e7a do trabalho da UEPB.<\/p>\n<p>Integram a nova composi\u00e7\u00e3o Ana Paula Araujo Almeida; Danielle Ginuino Correia, Juliana Grangeiro Sales Bezerra, Claudia Santos Martiniano Sousa, Deoclecio Ferreira de Brito, Jos\u00e9 Helber Tavares de Ara\u00fajo, Albertina Felix da Cruz, Joselma Vilma Morais Ferreira Lacerda e Gustavo Ara\u00fajo Terto da Silva.<img decoding=\"async\" fetchpriority=\"high\" data-attachment-id=\"88104\" data-permalink=\"https:\/\/interno.uepb.edu.br\/comissao-interdisciplinar-de-atencao-integral-a-saude-e-seguranca-do-trabalho-inicia-nova-gestao\/ciast-nova-gestao-2023_2025\/\" data-orig-file=\"https:\/\/interno.uepb.edu.br\/wp-content\/uploads\/2023\/09\/CIAST-nova-gestao-2023_2025.jpeg\" data-orig-size=\"1600,1066\" data-comments-opened=\"0\" data-image-meta=\"{&quot;aperture&quot;:&quot;0&quot;,&quot;credit&quot;:&quot;&quot;,&quot;camera&quot;:&quot;&quot;,&quot;caption&quot;:&quot;&quot;,&quot;created_timestamp&quot;:&quot;0&quot;,&quot;copyright&quot;:&quot;&quot;,&quot;focal_length&quot;:&quot;0&quot;,&quot;iso&quot;:&quot;0&quot;,&quot;shutter_speed&quot;:&quot;0&quot;,&quot;title&quot;:&quot;&quot;,&quot;orientation&quot;:&quot;0&quot;}\" data-image-title=\"CIAST nova gest\u00e3o 2023_2025\" data-image-description=\"\" data-image-caption=\"\" data-medium-file=\"https:\/\/interno.uepb.edu.br\/wp-content\/uploads\/2023\/09\/CIAST-nova-gestao-2023_2025-300x200.jpeg\" data-large-file=\"https:\/\/interno.uepb.edu.br\/wp-content\/uploads\/2023\/09\/CIAST-nova-gestao-2023_2025.jpeg\" class=\"alignnone size-full wp-image-88104 img-responsive img-responsive\" src=\"https:\/\/interno.uepb.edu.br\/wp-content\/uploads\/2023\/09\/CIAST-nova-gestao-2023_2025.jpeg\" alt=\"\" width=\"1600\" height=\"1066\" srcset=\"https:\/\/interno.uepb.edu.br\/wp-content\/uploads\/2023\/09\/CIAST-nova-gestao-2023_2025.jpeg 1600w, https:\/\/interno.uepb.edu.br\/wp-content\/uploads\/2023\/09\/CIAST-nova-gestao-2023_2025-300x200.jpeg 300w, https:\/\/interno.uepb.edu.br\/wp-content\/uploads\/2023\/09\/CIAST-nova-gestao-2023_2025-1536x1023.jpeg 1536w, https:\/\/interno.uepb.edu.br\/wp-content\/uploads\/2023\/09\/CIAST-nova-gestao-2023_2025-1120x746.jpeg 1120w, https:\/\/interno.uepb.edu.br\/wp-content\/uploads\/2023\/09\/CIAST-nova-gestao-2023_2025-150x100.jpeg 150w\" sizes=\"(max-width: 1600px) 100vw, 1600px\" \/><\/p>\n<p><em><strong>Texto:<\/strong> Severino Lopes<\/em><br \/>\n<em><strong>Foto:<\/strong> Divulga\u00e7\u00e3o<\/em><\/p>\n","protected":false},"excerpt":{"rendered":"<p>A Comiss\u00e3o Interdisciplinar de Aten\u00e7\u00e3o Integral \u00e0 Sa\u00fade e Seguran\u00e7a do Trabalho (CIAST), vinculada \u00e0 Reitoria da Universidade Estadual da Para\u00edba (UEPB), iniciou as atividades da nova gest\u00e3o escolhida para o bi\u00eanio 2023-2025. Na primeira reuni\u00e3o, realizada nesta sexta-feira (22), foram apresentados os novos membros, bem como foi apresentado o relat\u00f3rio de atividades do bi\u00eanio <a class=\"leiamais\" href=\"https:\/\/interno.uepb.edu.br\/comissao-interdisciplinar-de-atencao-integral-a-saude-e-seguranca-do-trabalho-inicia-nova-gestao\/\">Leia Mais&#8230;<\/a><\/p>\n","protected":false},"author":8,"featured_media":0,"comment_status":"closed","ping_status":"closed","sticky":false,"template":"","format":"standard","meta":{"_acf_changed":false,"jetpack_post_was_ever_published":false,"_jetpack_newsletter_access":"","_jetpack_dont_email_post_to_subs":false,"_jetpack_newsletter_tier_id":0,"_jetpack_memberships_contains_paywalled_content":false,"_jetpack_memberships_contains_paid_content":false,"footnotes":""},"categories":[4,5,9,6,7,8],"tags":[],"class_list":["post-295","post","type-post","status-publish","format-standard","hentry","category-ciast","category-noticias","category-noticias-destaque","category-noticias-professores","category-noticias-tecnicos","category-progep"],"acf":[],"jetpack_featured_media_url":"","jetpack_sharing_enabled":true,"jetpack_shortlink":"https:\/\/wp.me\/p7TtJV-4L","_links":{"self":[{"href":"https:\/\/comissoes.uepb.edu.br\/ciast\/wp-json\/wp\/v2\/posts\/295","targetHints":{"allow":["GET"]}}],"collection":[{"href":"https:\/\/comissoes.uepb.edu.br\/ciast\/wp-json\/wp\/v2\/posts"}],"about":[{"href":"https:\/\/comissoes.uepb.edu.br\/ciast\/wp-json\/wp\/v2\/types\/post"}],"author":[{"embeddable":true,"href":"https:\/\/comissoes.uepb.edu.br\/ciast\/wp-json\/wp\/v2\/users\/8"}],"replies":[{"embeddable":true,"href":"https:\/\/comissoes.uepb.edu.br\/ciast\/wp-json\/wp\/v2\/comments?post=295"}],"version-history":[{"count":1,"href":"https:\/\/comissoes.uepb.edu.br\/ciast\/wp-json\/wp\/v2\/posts\/295\/revisions"}],"predecessor-version":[{"id":296,"href":"https:\/\/comissoes.uepb.edu.br\/ciast\/wp-json\/wp\/v2\/posts\/295\/revisions\/296"}],"wp:attachment":[{"href":"https:\/\/comissoes.uepb.edu.br\/ciast\/wp-json\/wp\/v2\/media?parent=295"}],"wp:term":[{"taxonomy":"category","embeddable":true,"href":"https:\/\/comissoes.uepb.edu.br\/ciast\/wp-json\/wp\/v2\/categories?post=295"},{"taxonomy":"post_tag","embeddable":true,"href":"https:\/\/comissoes.uepb.edu.br\/ciast\/wp-json\/wp\/v2\/tags?post=295"}],"curies":[{"name":"wp","href":"https:\/\/api.w.org\/{rel}","templated":true}]}}