{"id":269,"date":"2023-04-10T16:17:07","date_gmt":"2023-04-10T19:17:07","guid":{"rendered":"https:\/\/interno.uepb.edu.br\/?p=84740"},"modified":"2023-04-10T16:17:07","modified_gmt":"2023-04-10T19:17:07","slug":"campanha-abril-verde-tem-inicio-com-atividades-sobre-a-importancia-da-seguranca-no-ambiente-de-trabalho","status":"publish","type":"post","link":"https:\/\/comissoes.uepb.edu.br\/ciast\/campanha-abril-verde-tem-inicio-com-atividades-sobre-a-importancia-da-seguranca-no-ambiente-de-trabalho\/","title":{"rendered":"Campanha Abril Verde tem in\u00edcio com atividades sobre a import\u00e2ncia da seguran\u00e7a no ambiente de trabalho"},"content":{"rendered":"<p>As atividades em alus\u00e3o \u00e0 campanha Abril Verde na Universidade Estadual da Para\u00edba (UEPB) come\u00e7aram nesta segunda feira (10). As a\u00e7\u00f5es s\u00e3o organizadas pelos setores Sa\u00fade do Trabalhador, Servi\u00e7o Social e Desenvolvimento de Pessoas, da Pr\u00f3-reitoria de Gest\u00e3o de Pessoas (PROGEP), e pela Comiss\u00e3o Interdisciplinar de Aten\u00e7\u00e3o Integral \u00e0 Sa\u00fade e Seguran\u00e7a do Trabalhador (CIAST). Na tarde desta segunda, no Audit\u00f3rio I da Central de Integra\u00e7\u00e3o Acad\u00eamica Paulo Freire, houve a abertura da campanha e in\u00edcio da oficina \u201cForma\u00e7\u00e3o sobre brigada de inc\u00eandio e primeiros socorros\u201d.<\/p>\n<p>A abertura da campanha Abril Verde na UEPB foi realizada pela t\u00e9cnica em Seguran\u00e7a do Trabalho, Danielle Ginuino Correia. O Abril Verde \u00e9 uma iniciativa que busca conscientizar a popula\u00e7\u00e3o sobre a import\u00e2ncia da sa\u00fade e seguran\u00e7a no trabalho. Surgiu como uma forma de lembrar o Dia Mundial em Mem\u00f3ria \u00e0s V\u00edtimas de Acidentes e Doen\u00e7as Relacionadas ao Trabalho, que \u00e9 celebrado no dia 28 de abril. As atividades s\u00e3o destinadas especialmente aos servidores t\u00e9cnico-administrativos da Institui\u00e7\u00e3o.<\/p>\n<p><a href='https:\/\/interno.uepb.edu.br\/abertura-da-edicao-2023-do-abril-verde-uepb-1\/'><img width=\"300\" height=\"135\" src=\"https:\/\/interno.uepb.edu.br\/wp-content\/uploads\/2023\/04\/Abertura-da-edicao-2023-do-Abril-Verde-UEPB-1-300x135.jpeg\" class=\"attachment-medium size-medium img-responsive\" alt=\"\" decoding=\"async\" loading=\"lazy\" srcset=\"https:\/\/interno.uepb.edu.br\/wp-content\/uploads\/2023\/04\/Abertura-da-edicao-2023-do-Abril-Verde-UEPB-1-300x135.jpeg 300w, https:\/\/interno.uepb.edu.br\/wp-content\/uploads\/2023\/04\/Abertura-da-edicao-2023-do-Abril-Verde-UEPB-1-1536x691.jpeg 1536w, https:\/\/interno.uepb.edu.br\/wp-content\/uploads\/2023\/04\/Abertura-da-edicao-2023-do-Abril-Verde-UEPB-1-1120x504.jpeg 1120w, https:\/\/interno.uepb.edu.br\/wp-content\/uploads\/2023\/04\/Abertura-da-edicao-2023-do-Abril-Verde-UEPB-1-150x68.jpeg 150w, https:\/\/interno.uepb.edu.br\/wp-content\/uploads\/2023\/04\/Abertura-da-edicao-2023-do-Abril-Verde-UEPB-1.jpeg 1600w\" sizes=\"auto, (max-width: 300px) 100vw, 300px\" \/><\/a><br \/>\n<a href='https:\/\/interno.uepb.edu.br\/abertura-da-edicao-2023-do-abril-verde-uepb-2\/'><img width=\"300\" height=\"135\" src=\"https:\/\/interno.uepb.edu.br\/wp-content\/uploads\/2023\/04\/Abertura-da-edicao-2023-do-Abril-Verde-UEPB-2-300x135.jpeg\" class=\"attachment-medium size-medium img-responsive\" alt=\"\" decoding=\"async\" loading=\"lazy\" srcset=\"https:\/\/interno.uepb.edu.br\/wp-content\/uploads\/2023\/04\/Abertura-da-edicao-2023-do-Abril-Verde-UEPB-2-300x135.jpeg 300w, https:\/\/interno.uepb.edu.br\/wp-content\/uploads\/2023\/04\/Abertura-da-edicao-2023-do-Abril-Verde-UEPB-2-1536x691.jpeg 1536w, https:\/\/interno.uepb.edu.br\/wp-content\/uploads\/2023\/04\/Abertura-da-edicao-2023-do-Abril-Verde-UEPB-2-1120x504.jpeg 1120w, https:\/\/interno.uepb.edu.br\/wp-content\/uploads\/2023\/04\/Abertura-da-edicao-2023-do-Abril-Verde-UEPB-2-150x68.jpeg 150w, https:\/\/interno.uepb.edu.br\/wp-content\/uploads\/2023\/04\/Abertura-da-edicao-2023-do-Abril-Verde-UEPB-2.jpeg 1600w\" sizes=\"auto, (max-width: 300px) 100vw, 300px\" \/><\/a><\/p>\n<p>Em seguida, Valdenier Jos\u00e9 da Costa Silva, t\u00e9cnico em Seguran\u00e7a do Trabalho e bombeiro civil, deu in\u00edcio \u00e0 forma\u00e7\u00e3o sobre brigada de inc\u00eandio e primeiros socorros. Na atividade, tamb\u00e9m estava presente a t\u00e9cnica em Enfermagem do Trabalho, Luanna Batista Azevedo. Valdenier, que j\u00e1 atuou como brigadista, fez explana\u00e7\u00f5es te\u00f3ricas e t\u00e9cnicas sobre como age o fogo e principais causas de inc\u00eandio, bem como deu exemplos de acidentes deste tipo que j\u00e1 presenciou em sua vida pessoal e profissional.<\/p>\n<p>Ele tamb\u00e9m explicou como servidores da Universidade devem agir para evitar imprevistos e como a Institui\u00e7\u00e3o \u00e9 cobrada para solicitar e manter seu Alvar\u00e1 de Plano de Preven\u00e7\u00e3o e Prote\u00e7\u00e3o Contra Inc\u00eandios. Ao fim da forma\u00e7\u00e3o, o t\u00e9cnico realizou uma atividade pr\u00e1tica com os presentes. Em uma situa\u00e7\u00e3o controlada, mostrou como o fogo se forma e como evitar que este se alastre, demonstrando o manuseio e uso correto do extintor de inc\u00eandio.<\/p>\n<p><strong>Programa\u00e7\u00e3o<\/strong><br \/>\nA forma\u00e7\u00e3o sobre brigada de inc\u00eandio e primeiros socorros segue ainda nos dias 11, 12 e 17 de abril, das 13h \u00e0s 17h, tamb\u00e9m no Audit\u00f3rio I da Central de Integra\u00e7\u00e3o Acad\u00eamica Paulo Freire. A \u201cForma\u00e7\u00e3o em ocorr\u00eancias em sa\u00fade mental na UEPB\u201d acontece no dia 20 de abril, das 8h30 \u00e0s 12h30, no mesmo local.<\/p>\n<p>No dia 27 de abril, das 9h \u00e0s 11h, tamb\u00e9m no Audit\u00f3rio I da Central Acad\u00eamica, acontece a palestra \u201cAcidentes de trabalho: fatos que ningu\u00e9m te conta &#8211; reflex\u00f5es sobre os acidentes de trabalho no cotidiano e suas consequ\u00eancias\u201d. A live de lan\u00e7amento do 2\u00b0 Fasc\u00edculo da s\u00e9rie de Cartilhas Orienta\u00e7\u00f5es e Cuidados, a ser mediada por Juliana Grangeiro, assistente social da UEPB, ocorre no dia 28, \u00e0s 10h, no canal oficial da UEPB no YouTube.<\/p>\n<p><em><strong><img decoding=\"async\" loading=\"lazy\" class=\"alignnone size-full wp-image-84683 img-responsive img-responsive\" src=\"https:\/\/interno.uepb.edu.br\/wp-content\/uploads\/2023\/04\/Campanha-abril-verde-2023.png\" alt=\"\" width=\"1200\" height=\"680\" srcset=\"https:\/\/interno.uepb.edu.br\/wp-content\/uploads\/2023\/04\/Campanha-abril-verde-2023.png 1200w, https:\/\/interno.uepb.edu.br\/wp-content\/uploads\/2023\/04\/Campanha-abril-verde-2023-300x170.png 300w, https:\/\/interno.uepb.edu.br\/wp-content\/uploads\/2023\/04\/Campanha-abril-verde-2023-1120x635.png 1120w, https:\/\/interno.uepb.edu.br\/wp-content\/uploads\/2023\/04\/Campanha-abril-verde-2023-150x85.png 150w\" sizes=\"auto, (max-width: 1200px) 100vw, 1200px\" \/><\/strong><\/em><\/p>\n<p><em><strong>Texto e fotos:<\/strong> Juliana Rosas<\/em><\/p>\n","protected":false},"excerpt":{"rendered":"<p>As atividades em alus\u00e3o \u00e0 campanha Abril Verde na Universidade Estadual da Para\u00edba (UEPB) come\u00e7aram nesta segunda feira (10). As a\u00e7\u00f5es s\u00e3o organizadas pelos setores Sa\u00fade do Trabalhador, Servi\u00e7o Social e Desenvolvimento de Pessoas, da Pr\u00f3-reitoria de Gest\u00e3o de Pessoas (PROGEP), e pela Comiss\u00e3o Interdisciplinar de Aten\u00e7\u00e3o Integral \u00e0 Sa\u00fade e Seguran\u00e7a do Trabalhador (CIAST). <a class=\"leiamais\" href=\"https:\/\/interno.uepb.edu.br\/campanha-abril-verde-tem-inicio-com-atividades-sobre-a-importancia-da-seguranca-no-ambiente-de-trabalho\/\">Leia Mais&#8230;<\/a><\/p>\n","protected":false},"author":8,"featured_media":0,"comment_status":"closed","ping_status":"closed","sticky":false,"template":"","format":"standard","meta":{"_acf_changed":false,"jetpack_post_was_ever_published":false,"_jetpack_newsletter_access":"","_jetpack_dont_email_post_to_subs":false,"_jetpack_newsletter_tier_id":0,"_jetpack_memberships_contains_paywalled_content":false,"_jetpack_memberships_contains_paid_content":false,"footnotes":""},"categories":[4,5,37,7,33],"tags":[],"class_list":["post-269","post","type-post","status-publish","format-standard","hentry","category-ciast","category-noticias","category-noticias-destaque-img","category-noticias-tecnicos","category-prograd"],"acf":[],"jetpack_featured_media_url":"","jetpack_sharing_enabled":true,"jetpack_shortlink":"https:\/\/wp.me\/p7TtJV-4l","_links":{"self":[{"href":"https:\/\/comissoes.uepb.edu.br\/ciast\/wp-json\/wp\/v2\/posts\/269","targetHints":{"allow":["GET"]}}],"collection":[{"href":"https:\/\/comissoes.uepb.edu.br\/ciast\/wp-json\/wp\/v2\/posts"}],"about":[{"href":"https:\/\/comissoes.uepb.edu.br\/ciast\/wp-json\/wp\/v2\/types\/post"}],"author":[{"embeddable":true,"href":"https:\/\/comissoes.uepb.edu.br\/ciast\/wp-json\/wp\/v2\/users\/8"}],"replies":[{"embeddable":true,"href":"https:\/\/comissoes.uepb.edu.br\/ciast\/wp-json\/wp\/v2\/comments?post=269"}],"version-history":[{"count":1,"href":"https:\/\/comissoes.uepb.edu.br\/ciast\/wp-json\/wp\/v2\/posts\/269\/revisions"}],"predecessor-version":[{"id":270,"href":"https:\/\/comissoes.uepb.edu.br\/ciast\/wp-json\/wp\/v2\/posts\/269\/revisions\/270"}],"wp:attachment":[{"href":"https:\/\/comissoes.uepb.edu.br\/ciast\/wp-json\/wp\/v2\/media?parent=269"}],"wp:term":[{"taxonomy":"category","embeddable":true,"href":"https:\/\/comissoes.uepb.edu.br\/ciast\/wp-json\/wp\/v2\/categories?post=269"},{"taxonomy":"post_tag","embeddable":true,"href":"https:\/\/comissoes.uepb.edu.br\/ciast\/wp-json\/wp\/v2\/tags?post=269"}],"curies":[{"name":"wp","href":"https:\/\/api.w.org\/{rel}","templated":true}]}}