{"id":240,"date":"2021-04-30T12:04:22","date_gmt":"2021-04-30T15:04:22","guid":{"rendered":"https:\/\/interno.uepb.edu.br\/?p=59740"},"modified":"2021-04-30T12:04:22","modified_gmt":"2021-04-30T15:04:22","slug":"comissao-interdisciplinar-de-atencao-integral-a-seguranca-do-trabalho-apresenta-cartilha-sobre-saude-mental-2","status":"publish","type":"post","link":"https:\/\/comissoes.uepb.edu.br\/ciast\/comissao-interdisciplinar-de-atencao-integral-a-seguranca-do-trabalho-apresenta-cartilha-sobre-saude-mental-2\/","title":{"rendered":"Comiss\u00e3o Interdisciplinar de Aten\u00e7\u00e3o Integral \u00e0 Seguran\u00e7a do Trabalho apresenta cartilha sobre sa\u00fade mental"},"content":{"rendered":"<p><a href=\"https:\/\/interno.uepb.edu.br\/wp-content\/uploads\/2021\/04\/Design-sem-nome-1.png\"><img loading=\"lazy\" decoding=\"async\" class=\"alignleft size-full wp-image-59742 img-responsive img-responsive\" src=\"https:\/\/interno.uepb.edu.br\/wp-content\/uploads\/2021\/04\/Design-sem-nome-1.png\" alt=\"\" width=\"2520\" height=\"1362\" \/><\/a>A resili\u00eancia \u00e9 a capacidade do indiv\u00edduo lidar com problemas, adaptar-se a mudan\u00e7as, superar obst\u00e1culos ou resistir \u00e0 press\u00e3o de situa\u00e7\u00f5es adversas, e, na conjuntura atual, tem sido explorada ao limite, diante das dificuldades impostas pelo per\u00edodo pand\u00eamico. Mas, at\u00e9 que ponto os sujeitos s\u00e3o capazes de suportar tamanha press\u00e3o? Em que medida a sociedade est\u00e1 preparada para lidar com as consequ\u00eancias mentais que essa nova realidade requer?<br \/>\nCom o objetivo de apresentar \u00e0 comunidade acad\u00eamica e \u00e0 sociedade paraibana um mecanismo que permita auxiliar nesse processo de cuidado com a sa\u00fade mental, a Editora da Universidade Estadual da Para\u00edba (EDUEPB), a partir de um esfor\u00e7o da Comiss\u00e3o Interdisciplinar de Aten\u00e7\u00e3o Integral \u00e0 Sa\u00fade e Seguran\u00e7a do Trabalho (CIAST), com o apoio da Coordenadoria de Comunica\u00e7\u00e3o (CODECOM) da Institui\u00e7\u00e3o, lan\u00e7ou, por meio da Webinar \u201cSa\u00fade mental e trabalho na pandemia da Covid-19\u201d, transmitida na quarta-feira (28) pelo canal Rede UEPB no YouTube, a cartilha \u201cSa\u00fade mental\u201d, de autoria das professoras Carla Sant\u2019ana Brand\u00e3o e Val\u00e9ria Morais da Silveira Sousa.<br \/>\n<a href=\"https:\/\/interno.uepb.edu.br\/wp-content\/uploads\/2021\/04\/CARLA.png\"><img loading=\"lazy\" decoding=\"async\" class=\"alignleft size-full wp-image-59744 img-responsive img-responsive\" src=\"https:\/\/interno.uepb.edu.br\/wp-content\/uploads\/2021\/04\/CARLA.png\" alt=\"\" width=\"1065\" height=\"593\" \/><\/a>De acordo com a professora Val\u00e9ria Sousa, a cartilha \u00e9 resultado de uma proposta encaminhada pela CIAST, que desde o in\u00edcio da pandemia j\u00e1 pensava em medidas para serem estabelecidas no enfrentamento n\u00e3o apenas das repercuss\u00f5es f\u00edsicas, mas, tamb\u00e9m dos impactos mentais da realidade imposta pela Covid-19. A professora Carla Brand\u00e3o lembra que o dispositivo foi constru\u00eddo com o envolvimento de diversos setores e pessoas que agregaram sugest\u00f5es e colaboraram para o resultado apresentado.<br \/>\n\u201cA expectativa \u00e9 que essa publica\u00e7\u00e3o possa contribuir com informa\u00e7\u00f5es \u00fateis para a popula\u00e7\u00e3o em geral sobre o que \u00e9 sa\u00fade mental, al\u00e9m de possibilitar reflex\u00f5es importantes sobre as condi\u00e7\u00f5es de vida neste momento e tamb\u00e9m ap\u00f3s a pandemia e indicar alguns servi\u00e7os \u00fateis, principalmente para situa\u00e7\u00f5es emergenciais. Por ser uma cartilha, tem conte\u00fado breve, objetivo, convidativo e acess\u00edvel. E assim, essa a\u00e7\u00e3o, que tem como inten\u00e7\u00e3o promover a sa\u00fade da popula\u00e7\u00e3o, constitui uma etapa importante do compromisso da UEPB com a comunidade em geral, especialmente em momento t\u00e3o delicado e de dif\u00edcil acesso presencial\u201d, avalia a professora Carla.<br \/>\nO e-book, que \u00e9 disponibilizado gratuitamente na p\u00e1gina da editora, traz reflex\u00f5es sobre o que \u00e9 sa\u00fade mental, quais os impactos da pandemia na sa\u00fade mental da popula\u00e7\u00e3o e o p\u00f3s-pandemia. A cartilha tamb\u00e9m apresenta orienta\u00e7\u00f5es sobre os servi\u00e7os de sa\u00fade em cada munic\u00edpio onde est\u00e3o instalados os c\u00e2mpus da UEPB.<br \/>\n<a href=\"https:\/\/interno.uepb.edu.br\/wp-content\/uploads\/2021\/04\/SAUDEM.2.png\"><img loading=\"lazy\" decoding=\"async\" class=\"alignleft size-full wp-image-59743 img-responsive img-responsive\" src=\"https:\/\/interno.uepb.edu.br\/wp-content\/uploads\/2021\/04\/SAUDEM.2.png\" alt=\"\" width=\"1053\" height=\"595\" \/><\/a>A coordenadora adjunta da CIAST, a t\u00e9cnica de seguran\u00e7a no trabalho, Joselma Vilma Lacerda, destaca que essa cartilha compreende uma s\u00e9rie de fasc\u00edculos que devem ser publicados ao longo de 2021 e, assim como este e-book, ser\u00e3o produzidos pela referida Comiss\u00e3o, com o apoio da EDUEPB, que ser\u00e1 respons\u00e1vel pela publica\u00e7\u00e3o, e CODECOM, com o trabalho de diagrama\u00e7\u00e3o e editora\u00e7\u00e3o. A perspectiva \u00e9 que sejam discutidas diversas tem\u00e1ticas acerca da sa\u00fade do trabalhador, como: quest\u00f5es ergon\u00f4micas, riscos qu\u00edmicos, preven\u00e7\u00e3o da Covid-19, ass\u00e9dio moral, defesa dos direitos humanos, dentre outros.<br \/>\nA assistente social da UEPB e integrante da CIAST, Juliana Granjeiro, complementa que esse projeto foi pensado em torno do autocuidado em sa\u00fade, e envolve diversos profissionais escolhidos de acordo com as tem\u00e1ticas abordadas em cada fasc\u00edculo, apresentando o olhar de especialistas em cada quest\u00e3o.<br \/>\n<strong>Sobre a CIAST<\/strong><br \/>\nA CIAST \u00e9 uma comiss\u00e3o vinculada \u00e0 Reitoria, que tem em sua composi\u00e7\u00e3o representantes da Administra\u00e7\u00e3o Central, docentes, discentes, t\u00e9cnicos administrativos e uma equipe multidisciplinar que, por meio de atividades consultivas e deliberativas, responde pelo gerenciamento e organiza\u00e7\u00e3o da sa\u00fade e seguran\u00e7a do trabalho da UEPB.<br \/>\nA comiss\u00e3o faz parte do Comit\u00ea de Conting\u00eancia e Crise Covid-19 na Universidade Estadual da Para\u00edba (UEPB), conforme estabelece a <strong>Portaria\/UEPB\/GR\/0013\/2020<\/strong> e, desde mar\u00e7o de 2020, vem desenvolvendo suas atribui\u00e7\u00f5es com foco em a\u00e7\u00f5es voltadas para Pandemia, seja por meio de orienta\u00e7\u00f5es e\/ou participa\u00e7\u00e3o em discuss\u00f5es sobre procedimentos preventivos em rela\u00e7\u00e3o \u00e0 pandemia do novo coronav\u00edrus e seu processo de contamina\u00e7\u00e3o no \u00e2mbito da Institui\u00e7\u00e3o.<br \/>\n<strong>Sa\u00fade mental durante a pandemia<\/strong><br \/>\nRecentemente o pa\u00eds ultrapassou a marca de 400 mil mortes por Covid-19. E essa realidade vivenciada por diversas fam\u00edlias, da perda de pessoas, associados a quest\u00f5es como a sobrecarga dos sistemas de sa\u00fade, m\u00e1 gest\u00e3o de recursos que deveriam ser destinados ao combate \u00e0 pandemia, desinforma\u00e7\u00e3o, crise financeira e seus desdobramentos (desemprego, aumento da mis\u00e9ria), entre outras, tem refletido no que alguns estudiosos chamam de quarta onda da pandemia: o aumento dos transtornos mentais e traumas psicol\u00f3gicos.<br \/>\nUma pesquisa da Universidade de Ohio (EUA), de mar\u00e7o de 2021, apontou que o Brasil lidera \u00edndices de ansiedade e depress\u00e3o durante a pandemia, quando comparado a outras 10 na\u00e7\u00f5es. Irlanda e EUA aparecem em segundo e terceiro lugar, respectivamente. Entre os 1.500 brasileiros ouvidos, 63% tinham sintomas de ansiedade e 59%, de depress\u00e3o. A maioria (84,8%) n\u00e3o tinha diagn\u00f3stico de transtornos mentais antes da pandemia. A conclus\u00e3o dos cientistas \u00e9 que as popula\u00e7\u00f5es mais infectadas pelo v\u00edrus (por milh\u00e3o de habitantes) e com menor esperan\u00e7a de controle da pandemia s\u00e3o as que mais sofrem emocionalmente.<br \/>\n<a href=\"https:\/\/interno.uepb.edu.br\/wp-content\/uploads\/2021\/04\/Design-sem-nome.png\"><img loading=\"lazy\" decoding=\"async\" class=\"alignleft size-full wp-image-59741 img-responsive img-responsive\" src=\"https:\/\/interno.uepb.edu.br\/wp-content\/uploads\/2021\/04\/Design-sem-nome.png\" alt=\"\" width=\"2520\" height=\"1362\" \/><\/a>Nesse sentido, a UEPB vem acompanhando essa realidade e buscando a\u00e7\u00f5es que possam auxiliar a comunidade acad\u00eamica a superar essas adversidades. Al\u00e9m da cartilha lan\u00e7ada pela CIAST, a Pr\u00f3-Reitoria de Gest\u00e3o de Pessoas (PROGEP) e a Pr\u00f3-Reitoria Estudantil (PROEST) tem realizado, cotidianamente, o acompanhamento da situa\u00e7\u00e3o dos servidores, docentes, t\u00e9cnicos e estudantes, com a realiza\u00e7\u00e3o de encontros virtuais para dialogar sobre sa\u00fade mental e escuta psicol\u00f3gica.<br \/>\nA PROEST continua com o servi\u00e7o de escuta psicol\u00f3gica oferecido Setor Psicossocial aos estudantes que realizarem a solicita\u00e7\u00e3o pelo e-mail <strong>setorpsicossocialuepb@gmail.com<\/strong>, informando nome completo e n\u00famero de matr\u00edcula. Al\u00e9m disso, a Cl\u00ednica Escola de Psicologia tamb\u00e9m segue com os atendimentos psicol\u00f3gicos (Escuta Psicol\u00f3gica e Psicoterapia) destinados aos estudantes do curso de Psicologia. Devido a suspens\u00e3o das atividades presenciais, os atendimentos ocorrem por via remota. O agendamento \u00e9 feito por meio de mensagem enviada ao e-mail <strong>plantaopsi.provisorio@gmail.com<\/strong>. Essa atividade est\u00e1 sendo realizada pela psic\u00f3loga Tha\u00eds Guedes, atrav\u00e9s da Cl\u00ednica Escola de Psicologia.<br \/>\nPara ter acesso \u00e0 cartilha &#8220;Sa\u00fade Mental&#8221;, clique <a href=\"https:\/\/interno.uepb.edu.br\/download\/documentos\/documentos_2021\/Cartilha-Ciast-2021.pdf\"  rel=\"noopener\"><strong>AQUI<\/strong><\/a>.<br \/>\n<em><strong>Texto:<\/strong> Juliana Marques<\/em><br \/>\n<em><strong>Fotos:<\/strong> Reprodu\u00e7\u00e3o Rede UEPB<\/em><\/p>\n","protected":false},"excerpt":{"rendered":"<p>A resili\u00eancia \u00e9 a capacidade do indiv\u00edduo lidar com problemas, adaptar-se a mudan\u00e7as, superar obst\u00e1culos ou resistir \u00e0 press\u00e3o de situa\u00e7\u00f5es adversas, e, na conjuntura atual, tem sido explorada ao limite, diante das dificuldades impostas pelo per\u00edodo pand\u00eamico. Mas, at\u00e9 que ponto os sujeitos s\u00e3o capazes de suportar tamanha press\u00e3o? Em que medida a sociedade <a class=\"leiamais\" href=\"https:\/\/interno.uepb.edu.br\/comissao-interdisciplinar-de-atencao-integral-a-seguranca-do-trabalho-apresenta-cartilha-sobre-saude-mental\/\">Leia Mais&#8230;<\/a><\/p>\n","protected":false},"author":8,"featured_media":0,"comment_status":"closed","ping_status":"closed","sticky":false,"template":"","format":"standard","meta":{"_acf_changed":false,"jetpack_post_was_ever_published":false,"_jetpack_newsletter_access":"","_jetpack_dont_email_post_to_subs":false,"_jetpack_newsletter_tier_id":0,"_jetpack_memberships_contains_paywalled_content":false,"_jetpack_memberships_contains_paid_content":false,"footnotes":""},"categories":[4,39,5,26,6,7,30,8],"tags":[],"class_list":["post-240","post","type-post","status-publish","format-standard","hentry","category-ciast","category-covid-19","category-noticias","category-noticias-alunos","category-noticias-professores","category-noticias-tecnicos","category-proest","category-progep"],"acf":[],"jetpack_featured_media_url":"","jetpack_sharing_enabled":true,"jetpack_shortlink":"https:\/\/wp.me\/p7TtJV-3S","_links":{"self":[{"href":"https:\/\/comissoes.uepb.edu.br\/ciast\/wp-json\/wp\/v2\/posts\/240","targetHints":{"allow":["GET"]}}],"collection":[{"href":"https:\/\/comissoes.uepb.edu.br\/ciast\/wp-json\/wp\/v2\/posts"}],"about":[{"href":"https:\/\/comissoes.uepb.edu.br\/ciast\/wp-json\/wp\/v2\/types\/post"}],"author":[{"embeddable":true,"href":"https:\/\/comissoes.uepb.edu.br\/ciast\/wp-json\/wp\/v2\/users\/8"}],"replies":[{"embeddable":true,"href":"https:\/\/comissoes.uepb.edu.br\/ciast\/wp-json\/wp\/v2\/comments?post=240"}],"version-history":[{"count":1,"href":"https:\/\/comissoes.uepb.edu.br\/ciast\/wp-json\/wp\/v2\/posts\/240\/revisions"}],"predecessor-version":[{"id":241,"href":"https:\/\/comissoes.uepb.edu.br\/ciast\/wp-json\/wp\/v2\/posts\/240\/revisions\/241"}],"wp:attachment":[{"href":"https:\/\/comissoes.uepb.edu.br\/ciast\/wp-json\/wp\/v2\/media?parent=240"}],"wp:term":[{"taxonomy":"category","embeddable":true,"href":"https:\/\/comissoes.uepb.edu.br\/ciast\/wp-json\/wp\/v2\/categories?post=240"},{"taxonomy":"post_tag","embeddable":true,"href":"https:\/\/comissoes.uepb.edu.br\/ciast\/wp-json\/wp\/v2\/tags?post=240"}],"curies":[{"name":"wp","href":"https:\/\/api.w.org\/{rel}","templated":true}]}}