{"id":239,"date":"2021-07-08T15:52:47","date_gmt":"2021-07-08T18:52:47","guid":{"rendered":"https:\/\/interno.uepb.edu.br\/?p=60589"},"modified":"2021-07-08T15:52:47","modified_gmt":"2021-07-08T18:52:47","slug":"pro-reitoria-de-gestao-de-pessoas-promove-roda-de-conversa-sobre-os-desafios-do-trabalho-remoto-2","status":"publish","type":"post","link":"https:\/\/comissoes.uepb.edu.br\/ciast\/pro-reitoria-de-gestao-de-pessoas-promove-roda-de-conversa-sobre-os-desafios-do-trabalho-remoto-2\/","title":{"rendered":"Pr\u00f3-Reitoria de Gest\u00e3o de Pessoas promove roda de conversa sobre os desafios do trabalho remoto"},"content":{"rendered":"<p>A Pr\u00f3-Reitoria de Gest\u00e3o de Pessoas (PROGEP) da Universidade Estadual da Para\u00edba (UEPB), atrav\u00e9s do setor de Desenvolvimento de Pessoas, realizar\u00e1 na quarta-feira (14) uma roda de conversa sobre os desafios na gest\u00e3o\/execu\u00e7\u00e3o do trabalho remoto. A iniciativa \u00e9 voltada aos servidores da Institui\u00e7\u00e3o em cargo de chefia que est\u00e3o praticando suas atividades em home office.<br \/>\nO encontro ser\u00e1 das 11h \u00e0s 12h, atrav\u00e9s da plataforma Google Meet. Os interessados em participar devem realizar inscri\u00e7\u00e3o atrav\u00e9s deste <a href=\"https:\/\/docs.google.com\/forms\/d\/e\/1FAIpQLSdrdzahXWDshV0I5G1hw-d7AGA6wIxFEGraE56Z1JCJV0hBNg\/viewform?usp=sf_link\"  rel=\"noopener\"><strong>LINK<\/strong><\/a>. Durante a roda de conversa ser\u00e3o abordados assuntos como hor\u00e1rio de expediente, carga hor\u00e1ria de trabalho e outros temas relacionados ao contexto atual.<br \/>\nParticipar\u00e3o da atividade a psic\u00f3loga da PROGEP, Paula Andrade; Joselma Lacerda, integrante da CIAST; al\u00e9m da professora do Departamento de Psicologia, Val\u00e9ria Morais.<\/p>\n","protected":false},"excerpt":{"rendered":"<p>A Pr\u00f3-Reitoria de Gest\u00e3o de Pessoas (PROGEP) da Universidade Estadual da Para\u00edba (UEPB), atrav\u00e9s do setor de Desenvolvimento de Pessoas, realizar\u00e1 na quarta-feira (14) uma roda de conversa sobre os desafios na gest\u00e3o\/execu\u00e7\u00e3o do trabalho remoto. A iniciativa \u00e9 voltada aos servidores da Institui\u00e7\u00e3o em cargo de chefia que est\u00e3o praticando suas atividades em home <a class=\"leiamais\" href=\"https:\/\/interno.uepb.edu.br\/pro-reitoria-de-gestao-de-pessoas-promove-roda-de-conversa-sobre-os-desafios-do-trabalho-remoto\/\">Leia Mais&#8230;<\/a><\/p>\n","protected":false},"author":8,"featured_media":0,"comment_status":"closed","ping_status":"closed","sticky":false,"template":"","format":"standard","meta":{"_acf_changed":false,"jetpack_post_was_ever_published":false,"_jetpack_newsletter_access":"","_jetpack_dont_email_post_to_subs":false,"_jetpack_newsletter_tier_id":0,"_jetpack_memberships_contains_paywalled_content":false,"_jetpack_memberships_contains_paid_content":false,"footnotes":""},"categories":[4,39,5,7,8],"tags":[],"class_list":["post-239","post","type-post","status-publish","format-standard","hentry","category-ciast","category-covid-19","category-noticias","category-noticias-tecnicos","category-progep"],"acf":[],"jetpack_featured_media_url":"","jetpack_sharing_enabled":true,"jetpack_shortlink":"https:\/\/wp.me\/p7TtJV-3R","_links":{"self":[{"href":"https:\/\/comissoes.uepb.edu.br\/ciast\/wp-json\/wp\/v2\/posts\/239","targetHints":{"allow":["GET"]}}],"collection":[{"href":"https:\/\/comissoes.uepb.edu.br\/ciast\/wp-json\/wp\/v2\/posts"}],"about":[{"href":"https:\/\/comissoes.uepb.edu.br\/ciast\/wp-json\/wp\/v2\/types\/post"}],"author":[{"embeddable":true,"href":"https:\/\/comissoes.uepb.edu.br\/ciast\/wp-json\/wp\/v2\/users\/8"}],"replies":[{"embeddable":true,"href":"https:\/\/comissoes.uepb.edu.br\/ciast\/wp-json\/wp\/v2\/comments?post=239"}],"version-history":[{"count":1,"href":"https:\/\/comissoes.uepb.edu.br\/ciast\/wp-json\/wp\/v2\/posts\/239\/revisions"}],"predecessor-version":[{"id":242,"href":"https:\/\/comissoes.uepb.edu.br\/ciast\/wp-json\/wp\/v2\/posts\/239\/revisions\/242"}],"wp:attachment":[{"href":"https:\/\/comissoes.uepb.edu.br\/ciast\/wp-json\/wp\/v2\/media?parent=239"}],"wp:term":[{"taxonomy":"category","embeddable":true,"href":"https:\/\/comissoes.uepb.edu.br\/ciast\/wp-json\/wp\/v2\/categories?post=239"},{"taxonomy":"post_tag","embeddable":true,"href":"https:\/\/comissoes.uepb.edu.br\/ciast\/wp-json\/wp\/v2\/tags?post=239"}],"curies":[{"name":"wp","href":"https:\/\/api.w.org\/{rel}","templated":true}]}}