{"id":222,"date":"2013-05-20T12:32:27","date_gmt":"2013-05-20T15:32:27","guid":{"rendered":"https:\/\/www.interno.uepb.edu.br\/?p=6987"},"modified":"2013-05-20T12:32:27","modified_gmt":"2013-05-20T15:32:27","slug":"setor-de-saude-do-trabalhador-realiza-visita-de-inspecao-em-laboratorios-e-instalacoes-fisicas-da-uepb-2","status":"publish","type":"post","link":"https:\/\/comissoes.uepb.edu.br\/ciast\/setor-de-saude-do-trabalhador-realiza-visita-de-inspecao-em-laboratorios-e-instalacoes-fisicas-da-uepb-2\/","title":{"rendered":"Setor de Sa\u00fade do Trabalhador realiza visita de inspe\u00e7\u00e3o em laborat\u00f3rios e instala\u00e7\u00f5es f\u00edsicas da UEPB"},"content":{"rendered":"<p style=\"text-align: justify;\"><a href=\"https:\/\/www.interno.uepb.edu.br\/wp-content\/uploads\/2013\/05\/Equipe-visita-os-laborat%C3%B3rios-e-instala%C3%A7%C3%B5es-do-Campus-V.jpg\"><img decoding=\"async\" loading=\"lazy\" class=\"alignleft size-medium wp-image-6988 img-responsive img-responsive\" alt=\"Equipe visita os laborat\u00f3rios e instala\u00e7\u00f5es do Campus V\" src=\"https:\/\/www.interno.uepb.edu.br\/wp-content\/uploads\/2013\/05\/Equipe-visita-os-laborat%C3%B3rios-e-instala%C3%A7%C3%B5es-do-Campus-V-300x225.jpg\" width=\"300\" height=\"225\" srcset=\"https:\/\/www.interno.uepb.edu.br\/wp-content\/uploads\/2013\/05\/Equipe-visita-os-laborat\u00f3rios-e-instala\u00e7\u00f5es-do-Campus-V-300x225.jpg 300w, https:\/\/www.interno.uepb.edu.br\/wp-content\/uploads\/2013\/05\/Equipe-visita-os-laborat\u00f3rios-e-instala\u00e7\u00f5es-do-Campus-V-1024x768.jpg 1024w, https:\/\/www.interno.uepb.edu.br\/wp-content\/uploads\/2013\/05\/Equipe-visita-os-laborat\u00f3rios-e-instala\u00e7\u00f5es-do-Campus-V-600x450.jpg 600w, https:\/\/www.interno.uepb.edu.br\/wp-content\/uploads\/2013\/05\/Equipe-visita-os-laborat\u00f3rios-e-instala\u00e7\u00f5es-do-Campus-V-160x120.jpg 160w\" sizes=\"auto, (max-width: 300px) 100vw, 300px\" \/><\/a>Uma equipe de servidores do setor de Sa\u00fade do Trabalhador, vinculado \u00e0 Pro-Reitoria de Recursos Humanos (PRRH) da Universidade Estadual da Para\u00edba (UEPB), visitou, na manh\u00e3 de sexta-feira (17), as instala\u00e7\u00f5es do Campus V, em Jo\u00e3o Pessoa.<\/p>\n<p style=\"text-align: justify;\">O engenheiro de seguran\u00e7a no trabalho, Fl\u00e1vio Jorge Dami\u00e3o, e as t\u00e9cnicas em seguran\u00e7a no trabalho, Joselma Lacerda e Danielle Correia, inspecionaram as instala\u00e7\u00f5es do Campus V, especialmente os laborat\u00f3rios did\u00e1tico, de anatomia, ecologia, bot\u00e2nica, ictiologia, s\u00edntese e vetoriza\u00e7\u00e3o de mol\u00e9culas bioativas e de sistem\u00e1tica de collembola e conserva\u00e7\u00e3o, todos ligados ao curso de Ci\u00eancias Biol\u00f3gicas.<\/p>\n<p style=\"text-align: justify;\">Al\u00e9m de verificar as condi\u00e7\u00f5es de trabalho dos servidores e estudantes que utilizam os espa\u00e7os, a equipe teceu orienta\u00e7\u00f5es sobre a utiliza\u00e7\u00e3o dos equipamentos de prote\u00e7\u00e3o individual (EPI), processos de insalubridade, cria\u00e7\u00e3o de uma comiss\u00e3o interdisciplinar de aten\u00e7\u00e3o integral \u00e0 sa\u00fade e seguran\u00e7a no trabalho (CIAST) do Campus V, com representantes dos docentes, discentes e t\u00e9cnico-administrativos, al\u00e9m de verificar as necessidades de cada espa\u00e7o, para que sejam evitados os riscos de acidentes e problemas futuros.<\/p>\n<p style=\"text-align: justify;\">A perspectiva \u00e9 que esse trabalho seja realizado nos outros c\u00e2mpus da UEPB e, at\u00e9 o fim de 2013, seja elaborado um laudo t\u00e9cnico das condi\u00e7\u00f5es ambientais de trabalho referente a cada campus.<\/p>\n","protected":false},"excerpt":{"rendered":"<p>Uma equipe de servidores do setor de Sa\u00fade do Trabalhador, vinculado \u00e0 Pro-Reitoria de Recursos Humanos (PRRH) da Universidade Estadual da Para\u00edba (UEPB), visitou, na manh\u00e3 de sexta-feira (17), as instala\u00e7\u00f5es do Campus V, em Jo\u00e3o Pessoa. O engenheiro de seguran\u00e7a no trabalho, Fl\u00e1vio Jorge Dami\u00e3o, e as t\u00e9cnicas em seguran\u00e7a no trabalho, Joselma Lacerda <a class=\"leiamais\" href=\"https:\/\/www.interno.uepb.edu.br\/setor-de-saude-do-trabalhador-realiza-visita-de-inspecao-em-laboratorios-e-instalacoes-fisicas\/\">Leia Mais&#8230;<\/a><\/p>\n","protected":false},"author":7,"featured_media":0,"comment_status":"closed","ping_status":"closed","sticky":false,"template":"","format":"standard","meta":{"_acf_changed":false,"jetpack_post_was_ever_published":false,"_jetpack_newsletter_access":"","_jetpack_dont_email_post_to_subs":false,"_jetpack_newsletter_tier_id":0,"_jetpack_memberships_contains_paywalled_content":false,"_jetpack_memberships_contains_paid_content":false,"footnotes":""},"categories":[4,5],"tags":[],"class_list":["post-222","post","type-post","status-publish","format-standard","hentry","category-ciast","category-noticias"],"acf":[],"jetpack_featured_media_url":"","jetpack_sharing_enabled":true,"jetpack_shortlink":"https:\/\/wp.me\/p7TtJV-3A","_links":{"self":[{"href":"https:\/\/comissoes.uepb.edu.br\/ciast\/wp-json\/wp\/v2\/posts\/222","targetHints":{"allow":["GET"]}}],"collection":[{"href":"https:\/\/comissoes.uepb.edu.br\/ciast\/wp-json\/wp\/v2\/posts"}],"about":[{"href":"https:\/\/comissoes.uepb.edu.br\/ciast\/wp-json\/wp\/v2\/types\/post"}],"author":[{"embeddable":true,"href":"https:\/\/comissoes.uepb.edu.br\/ciast\/wp-json\/wp\/v2\/users\/7"}],"replies":[{"embeddable":true,"href":"https:\/\/comissoes.uepb.edu.br\/ciast\/wp-json\/wp\/v2\/comments?post=222"}],"version-history":[{"count":1,"href":"https:\/\/comissoes.uepb.edu.br\/ciast\/wp-json\/wp\/v2\/posts\/222\/revisions"}],"predecessor-version":[{"id":223,"href":"https:\/\/comissoes.uepb.edu.br\/ciast\/wp-json\/wp\/v2\/posts\/222\/revisions\/223"}],"wp:attachment":[{"href":"https:\/\/comissoes.uepb.edu.br\/ciast\/wp-json\/wp\/v2\/media?parent=222"}],"wp:term":[{"taxonomy":"category","embeddable":true,"href":"https:\/\/comissoes.uepb.edu.br\/ciast\/wp-json\/wp\/v2\/categories?post=222"},{"taxonomy":"post_tag","embeddable":true,"href":"https:\/\/comissoes.uepb.edu.br\/ciast\/wp-json\/wp\/v2\/tags?post=222"}],"curies":[{"name":"wp","href":"https:\/\/api.w.org\/{rel}","templated":true}]}}