{"id":220,"date":"2014-09-30T07:00:42","date_gmt":"2014-09-30T10:00:42","guid":{"rendered":"https:\/\/www.interno.uepb.edu.br\/?p=17431"},"modified":"2014-09-30T07:00:42","modified_gmt":"2014-09-30T10:00:42","slug":"comemoracoes-ao-dia-do-servidor-publico-tem-inicio-nesta-quarta-feira-na-universidade-estadual-da-paraiba-2","status":"publish","type":"post","link":"https:\/\/comissoes.uepb.edu.br\/ciast\/comemoracoes-ao-dia-do-servidor-publico-tem-inicio-nesta-quarta-feira-na-universidade-estadual-da-paraiba-2\/","title":{"rendered":"Comemora\u00e7\u00f5es ao Dia do Servidor P\u00fablico t\u00eam in\u00edcio nesta quarta-feira na Universidade Estadual da Para\u00edba"},"content":{"rendered":"<p style=\"text-align: justify;\">A Pr\u00f3-Reitoria de Gest\u00e3o de Pessoas (PROGEP) da Universidade Estadual da Para\u00edba (UEPB), atrav\u00e9s dos Setores de Desenvolvimento de Pessoas, Servi\u00e7o Social e Sa\u00fade do Trabalhador, realiza a partir desta quarta-feira (1\u00ba), uma s\u00e9rie de eventos alusivos ao Dia do Servidor, data tradicionalmente comemorada em 28 de outubro. Constam na programa\u00e7\u00e3o semin\u00e1rios, mesas redondas e jogos entre os servidores da Institui\u00e7\u00e3o, que ser\u00e3o realizados nos\u00a0dias 1\u00ba, 8 e 14 de outubro.<\/p>\n<p style=\"text-align: justify;\">De acordo com os organizadores, o objetivo da programa\u00e7\u00e3o \u00e9 promover a integra\u00e7\u00e3o dos servidores, bem como a discuss\u00e3o das quest\u00f5es que desafiam a efetiva\u00e7\u00e3o de melhorias na Gest\u00e3o de Pessoas e Sa\u00fade do Trabalhador no servi\u00e7o p\u00fablico. Nesta quarta, no Audit\u00f3rio da Biblioteca Central do C\u00e2mpus I, \u00e0s 8h30, acontece a abertura do evento, com o 2\u00ba Ciclo do Programa de Prepara\u00e7\u00e3o para Aposentadoria (PPA) \u201cPlanejando o Futuro\u201d e as palestras \u201cVivendo o hoje, conquistando o amanh\u00e3\u201d e \u201cAnsiedade: o que \u00e9 e como combat\u00ea-la?\u201d.<\/p>\n<p style=\"text-align: justify;\">J\u00e1 no dia 8, no Audit\u00f3rio III do Centro de Integra\u00e7\u00e3o Acad\u00eamica, ser\u00e1 realizado o 1\u00ba Semin\u00e1rio de Sa\u00fade do Trabalhador da UEPB, em parceria com a Comiss\u00e3o Interdisciplinar de Aten\u00e7\u00e3o Integral a Sa\u00fade e Seguran\u00e7a do Trabalhador (CIAST). Entre os temas discutidos, est\u00e3o: ass\u00e9dio moral, precariza\u00e7\u00e3o do trabalho e os impactos na sa\u00fade do trabalhador no servi\u00e7o p\u00fablico. Para se inscrever na atividade, o interessado deve acessar o link\u00a0<a href=\"https:\/\/www.interno.uepb.edu.br\/ficha-de-inscricao-i-seminario-de-saude-do-trabalhador-8-de-outubro\/\" >https:\/\/www.interno.uepb.edu.br\/ficha-<wbr \/>de-inscricao-i-seminario-de-<wbr \/>saude-do-trabalhador-8-de-<wbr \/>outubro\/<\/a>.<\/p>\n<p style=\"text-align: justify;\">Al\u00e9m disso, a\u00e7\u00f5es e servi\u00e7os voltados para os servidores na \u00e1rea de Sa\u00fade e Seguran\u00e7a do Trabalho, desenvolvidos por setores das UEPB, poder\u00e3o ser expostos na \u201cMostra de A\u00e7\u00f5es e Servi\u00e7os em Sa\u00fade do Trabalhador na UEPB\u201d que ser\u00e1 realizada no hall do Centro de Integra\u00e7\u00e3o Acad\u00eamica, a partir das 16h, no mesmo dia do evento.<\/p>\n<p style=\"text-align: justify;\">Encerrando as atividades, no dia 14 de outubro, no Audit\u00f3rio da Biblioteca Central, ser\u00e1 promovida a mesa redonda \u201cGest\u00e3o de Pessoas no Setor P\u00fablico: desafios contempor\u00e2neos\u201d, com a presen\u00e7a do pr\u00f3-reitor de Gest\u00e3o de Pessoas da UEPB, professor Sandy Gonzaga; do coordenador de Gest\u00e3o e Desenvolvimento de Pessoas da UFCG, Cl\u00e1udio Augusto Alves; e o psic\u00f3logo Adriano de Sousa Barros.<\/p>\n<p style=\"text-align: justify;\">Como forma de descontrair e integrar os participantes da Institui\u00e7\u00e3o, os Jogos dos Servidores ser\u00e3o realizados pela Coordenadoria de Esporte e Lazer (COEL) nos dias 18, 19, 25 e 26 de outubro. As inscri\u00e7\u00f5es est\u00e3o sendo realizadas at\u00e9 o dia 3 de outubro, atrav\u00e9s do site <a href=\"http:\/\/sites.uepb.edu.br\/coel\" >http:\/\/sites.uepb.edu.br\/coel<\/a> ou do e-mail coel@uepb.edu.br. Outras informa\u00e7\u00f5es sobre os jogos podem ser adquiridas atrav\u00e9s do telefone (83) 3315-3328.<\/p>\n<p style=\"text-align: justify;\">\u00a0Confira a <a href=\"https:\/\/www.interno.uepb.edu.br\/download\/outros_documentos_2014\/2309%20Cartaz.pdf\" >programa\u00e7\u00e3o<\/a>.<\/p>\n","protected":false},"excerpt":{"rendered":"<p>A Pr\u00f3-Reitoria de Gest\u00e3o de Pessoas (PROGEP) da Universidade Estadual da Para\u00edba (UEPB), atrav\u00e9s dos Setores de Desenvolvimento de Pessoas, Servi\u00e7o Social e Sa\u00fade do Trabalhador, realiza a partir desta quarta-feira (1\u00ba), uma s\u00e9rie de eventos alusivos ao Dia do Servidor, data tradicionalmente comemorada em 28 de outubro. Constam na programa\u00e7\u00e3o semin\u00e1rios, mesas redondas e <a class=\"leiamais\" href=\"https:\/\/www.interno.uepb.edu.br\/comemoracoes-ao-dia-do-servidor-publico-tem-inicio-nesta-quarta-feira-na-universidade-estadual-da-paraiba\/\">Leia Mais&#8230;<\/a><\/p>\n","protected":false},"author":6,"featured_media":0,"comment_status":"closed","ping_status":"closed","sticky":false,"template":"","format":"standard","meta":{"_acf_changed":false,"jetpack_post_was_ever_published":false,"_jetpack_newsletter_access":"","_jetpack_dont_email_post_to_subs":false,"_jetpack_newsletter_tier_id":0,"_jetpack_memberships_contains_paywalled_content":false,"_jetpack_memberships_contains_paid_content":false,"footnotes":""},"categories":[4,5],"tags":[],"class_list":["post-220","post","type-post","status-publish","format-standard","hentry","category-ciast","category-noticias"],"acf":[],"jetpack_featured_media_url":"","jetpack_sharing_enabled":true,"jetpack_shortlink":"https:\/\/wp.me\/p7TtJV-3y","_links":{"self":[{"href":"https:\/\/comissoes.uepb.edu.br\/ciast\/wp-json\/wp\/v2\/posts\/220","targetHints":{"allow":["GET"]}}],"collection":[{"href":"https:\/\/comissoes.uepb.edu.br\/ciast\/wp-json\/wp\/v2\/posts"}],"about":[{"href":"https:\/\/comissoes.uepb.edu.br\/ciast\/wp-json\/wp\/v2\/types\/post"}],"author":[{"embeddable":true,"href":"https:\/\/comissoes.uepb.edu.br\/ciast\/wp-json\/wp\/v2\/users\/6"}],"replies":[{"embeddable":true,"href":"https:\/\/comissoes.uepb.edu.br\/ciast\/wp-json\/wp\/v2\/comments?post=220"}],"version-history":[{"count":1,"href":"https:\/\/comissoes.uepb.edu.br\/ciast\/wp-json\/wp\/v2\/posts\/220\/revisions"}],"predecessor-version":[{"id":221,"href":"https:\/\/comissoes.uepb.edu.br\/ciast\/wp-json\/wp\/v2\/posts\/220\/revisions\/221"}],"wp:attachment":[{"href":"https:\/\/comissoes.uepb.edu.br\/ciast\/wp-json\/wp\/v2\/media?parent=220"}],"wp:term":[{"taxonomy":"category","embeddable":true,"href":"https:\/\/comissoes.uepb.edu.br\/ciast\/wp-json\/wp\/v2\/categories?post=220"},{"taxonomy":"post_tag","embeddable":true,"href":"https:\/\/comissoes.uepb.edu.br\/ciast\/wp-json\/wp\/v2\/tags?post=220"}],"curies":[{"name":"wp","href":"https:\/\/api.w.org\/{rel}","templated":true}]}}