{"id":22,"date":"2014-12-01T16:36:01","date_gmt":"2014-12-01T19:36:01","guid":{"rendered":"http:\/\/www.uepb.edu.br\/?p=18564"},"modified":"2016-09-13T12:00:55","modified_gmt":"2016-09-13T15:00:55","slug":"ciast-faz-avaliacao-das-acoes-realizadas-em-saude-e-seguranca-do-trabalho-no-ano-de-2014","status":"publish","type":"post","link":"https:\/\/comissoes.uepb.edu.br\/ciast\/ciast-faz-avaliacao-das-acoes-realizadas-em-saude-e-seguranca-do-trabalho-no-ano-de-2014\/","title":{"rendered":"CIAST faz avalia\u00e7\u00e3o das a\u00e7\u00f5es realizadas em Sa\u00fade e Seguran\u00e7a do Trabalho no ano de 2014"},"content":{"rendered":"<p style=\"text-align: justify;\"><a href=\"http:\/\/www.uepb.edu.br\/wp-content\/uploads\/2014\/12\/ciast1.jpg\"><img loading=\"lazy\" decoding=\"async\" class=\"alignleft size-medium wp-image-18565 img-responsive img-responsive\" src=\"http:\/\/www.uepb.edu.br\/wp-content\/uploads\/2014\/12\/ciast1-300x168.jpg\" alt=\"ciast1\" width=\"300\" height=\"168\" srcset=\"http:\/\/www.uepb.edu.br\/wp-content\/uploads\/2014\/12\/ciast1-300x168.jpg 300w, http:\/\/www.uepb.edu.br\/wp-content\/uploads\/2014\/12\/ciast1.jpg 800w\" sizes=\"auto, (max-width: 300px) 100vw, 300px\" \/><\/a>A Comiss\u00e3o Interdisciplinar de Aten\u00e7\u00e3o Integral a Sa\u00fade e Seguran\u00e7a do Trabalhador (CIAST), setor respons\u00e1vel pelos servi\u00e7os e organiza\u00e7\u00e3o da sa\u00fade e seguran\u00e7a do trabalhador da Universidade Estadual da Para\u00edba (UEPB), promoveu uma reuni\u00e3o na tarde desta segunda-feira (1\u00ba) para avaliar as a\u00e7\u00f5es e atividades realizadas durante o ano.<\/p>\n<p style=\"text-align: justify;\">Ao longo de 2014, a CIAST esteve reunida em tr\u00eas grupos de trabalho para dar encaminhamento \u00e0s\u00a0suas a\u00e7\u00f5es e atividades. O primeiro foi o grupo de divulga\u00e7\u00e3o, sendo seguido pelo diagn\u00f3stico de legisla\u00e7\u00e3o espec\u00edfica em Sa\u00fade e Seguran\u00e7a do Trabalho (SST) para o setor p\u00fablico e, por \u00faltimo, o de organiza\u00e7\u00e3o. Os grupos de trabalho proporcionaram uma rede de atividades relacionadas \u00e0 SST.<\/p>\n<p style=\"text-align: justify;\">Al\u00e9m disto, a CIAST tamb\u00e9m promoveu articula\u00e7\u00e3o e parceria com outros setores da UEPB, a exemplo do Setor de Sa\u00fade do Trabalhador da Pr\u00f3-Reitoria de Gest\u00e3o de Pessoas (PROGEP), atrav\u00e9s da qual realizou, entre suas principais a\u00e7\u00f5es, a atualiza\u00e7\u00e3o do Planejamento Estrat\u00e9gico com a previs\u00e3o de metas para o tri\u00eanio 2014-2017.<\/p>\n<p style=\"text-align: justify;\">De acordo com os integrantes, nas discuss\u00f5es acerca do grupo sobre divulga\u00e7\u00e3o, destacaram-se a realiza\u00e7\u00e3o da \u201c1\u00aa Campanha Abril Verde\u201d, em mem\u00f3ria e preven\u00e7\u00e3o \u00e0s v\u00edtimas de acidentes de trabalho; a \u201c1\u00aa A\u00e7\u00e3o de Servi\u00e7os de Sa\u00fade\u201d, que registrou 336 atendimentos em sa\u00fade; al\u00e9m do \u201c1\u00ba Semin\u00e1rio de Sa\u00fade do Trabalhador da UEPB\u201d, que contou com 106 participantes da Comunidade Acad\u00eamica, estudantes e profissionais da \u00e1rea.<\/p>\n<p style=\"text-align: justify;\">J\u00e1 quando o assunto foi o diagn\u00f3stico de legisla\u00e7\u00e3o espec\u00edfica em Sa\u00fade e Seguran\u00e7a do Trabalho para o setor p\u00fablico, os membros v\u00eam compilando legisla\u00e7\u00f5es federais e estaduais a fim de embasar a elabora\u00e7\u00e3o e encaminhamento de resolu\u00e7\u00e3o para ser aprovada pelo Conselho Universit\u00e1rio (Consuni), com o intuito de que sejam regulamentadas todas as quest\u00f5es internas relacionadas \u00e0 sa\u00fade e seguran\u00e7a dos trabalhadores.<\/p>\n<p style=\"text-align: justify;\"><strong>Planos para o futuro<\/strong><\/p>\n<p style=\"text-align: justify;\">Para 2015, a comiss\u00e3o tem em foco um estudo do manual do Subsistema Integrado de Aten\u00e7\u00e3o \u00e0 Sa\u00fade do Servidor (SIASS), com o objetivo de coordenar e integrar a\u00e7\u00f5es e programas nas \u00e1reas de assist\u00eancia \u00e0 sa\u00fade direcionadas ao servidor p\u00fablico federal, embasando-as para uma pol\u00edtica de aten\u00e7\u00e3o \u00e0 sa\u00fade e Seguran\u00e7a do trabalho voltada ao servidor na UEPB.<\/p>\n<p style=\"text-align: justify;\">Os integrantes afirmam que outra importante a\u00e7\u00e3o ser\u00e1 a cria\u00e7\u00e3o da Comiss\u00e3o Institucional de Biosseguran\u00e7a da UEPB (CIB-UEPB), grupo que j\u00e1 est\u00e1 em processo de cria\u00e7\u00e3o, sendo impulsionada pela dire\u00e7\u00e3o do Centro de Ci\u00eancias Biol\u00f3gicas e da Sa\u00fade (CCBS), em parceria com a CIAST.<\/p>\n<p style=\"text-align: justify;\">\u201cInicialmente formou-se uma comiss\u00e3o provis\u00f3ria com representantes de todos os departamentos do CCBS e mais recentemente do CCT, que foi respons\u00e1vel pela elabora\u00e7\u00e3o e atualiza\u00e7\u00e3o do Procedimento Operacional Padr\u00e3o (POP) nos laborat\u00f3rios e clinicas, e mais recentemente foi elaborada a resolu\u00e7\u00e3o que cria a CIB-UEPB e o seu regimento interno que ser\u00e1 encaminhado para aprecia\u00e7\u00e3o do Consuni\u201d, disse Albertina Felix, componente da CIAST.<\/p>\n<p style=\"text-align: justify;\">Outro objetivo da CIAST para 2015 \u00e9 estender suas a\u00e7\u00f5es atrav\u00e9s da cria\u00e7\u00e3o das subcomiss\u00f5es em todos os C\u00e2mpus da UEPB, al\u00e9m da cria\u00e7\u00e3o de uma rede para fortalecimento e operacionaliza\u00e7\u00e3o das a\u00e7\u00f5es em SST em toda a Universidade.<\/p>\n<p style=\"text-align: justify;\">\n<p>O post <a rel=\"nofollow\" href=\"http:\/\/www.uepb.edu.br\/ciast-faz-avaliacao-das-acoes-realizadas-em-saude-e-seguranca-do-trabalho-no-ano-de-2014\/\">CIAST faz avalia\u00e7\u00e3o das a\u00e7\u00f5es realizadas em Sa\u00fade e Seguran\u00e7a do Trabalho no ano de 2014<\/a> apareceu primeiro em <a rel=\"nofollow\" href=\"http:\/\/www.uepb.edu.br\/\">UEPB<\/a>.<\/p>\n","protected":false},"excerpt":{"rendered":"<p>A Comiss&atilde;o Interdisciplinar de Aten&ccedil;&atilde;o Integral a Sa&uacute;de e Seguran&ccedil;a do Trabalhador (CIAST), setor respons&aacute;vel pelos servi&ccedil;os e organiza&ccedil;&atilde;o da sa&uacute;de e seguran&ccedil;a do trabalhador da Universidade Estadual da Para&iacute;ba (UEPB), promoveu uma reuni&atilde;o na tarde desta segunda-feira (1&ordm;) para avaliar as a&ccedil;&otilde;es e atividades realizadas durante o ano. Ao longo de 2014, a CIAST <a href=\"http:\/\/www.uepb.edu.br\/ciast-faz-avaliacao-das-acoes-realizadas-em-saude-e-seguranca-do-trabalho-no-ano-de-2014\/\">Leia Mais&#8230;<\/a><\/p>\n<p>O post <a rel=\"nofollow\" href=\"http:\/\/www.uepb.edu.br\/ciast-faz-avaliacao-das-acoes-realizadas-em-saude-e-seguranca-do-trabalho-no-ano-de-2014\/\">CIAST faz avalia&ccedil;&atilde;o das a&ccedil;&otilde;es realizadas em Sa&uacute;de e Seguran&ccedil;a do Trabalho no ano de 2014<\/a> apareceu primeiro em <a rel=\"nofollow\" href=\"http:\/\/www.uepb.edu.br\/\">UEPB<\/a>.<\/p>\n","protected":false},"author":6,"featured_media":0,"comment_status":"closed","ping_status":"closed","sticky":false,"template":"","format":"standard","meta":{"_acf_changed":false,"jetpack_post_was_ever_published":false,"_jetpack_newsletter_access":"","_jetpack_dont_email_post_to_subs":false,"_jetpack_newsletter_tier_id":0,"_jetpack_memberships_contains_paywalled_content":false,"_jetpack_memberships_contains_paid_content":false,"footnotes":""},"categories":[4,5,9],"tags":[],"class_list":["post-22","post","type-post","status-publish","format-standard","hentry","category-ciast","category-noticias","category-noticias-destaque"],"acf":[],"jetpack_featured_media_url":"","jetpack_sharing_enabled":true,"jetpack_shortlink":"https:\/\/wp.me\/p7TtJV-m","_links":{"self":[{"href":"https:\/\/comissoes.uepb.edu.br\/ciast\/wp-json\/wp\/v2\/posts\/22","targetHints":{"allow":["GET"]}}],"collection":[{"href":"https:\/\/comissoes.uepb.edu.br\/ciast\/wp-json\/wp\/v2\/posts"}],"about":[{"href":"https:\/\/comissoes.uepb.edu.br\/ciast\/wp-json\/wp\/v2\/types\/post"}],"author":[{"embeddable":true,"href":"https:\/\/comissoes.uepb.edu.br\/ciast\/wp-json\/wp\/v2\/users\/6"}],"replies":[{"embeddable":true,"href":"https:\/\/comissoes.uepb.edu.br\/ciast\/wp-json\/wp\/v2\/comments?post=22"}],"version-history":[{"count":1,"href":"https:\/\/comissoes.uepb.edu.br\/ciast\/wp-json\/wp\/v2\/posts\/22\/revisions"}],"predecessor-version":[{"id":23,"href":"https:\/\/comissoes.uepb.edu.br\/ciast\/wp-json\/wp\/v2\/posts\/22\/revisions\/23"}],"wp:attachment":[{"href":"https:\/\/comissoes.uepb.edu.br\/ciast\/wp-json\/wp\/v2\/media?parent=22"}],"wp:term":[{"taxonomy":"category","embeddable":true,"href":"https:\/\/comissoes.uepb.edu.br\/ciast\/wp-json\/wp\/v2\/categories?post=22"},{"taxonomy":"post_tag","embeddable":true,"href":"https:\/\/comissoes.uepb.edu.br\/ciast\/wp-json\/wp\/v2\/tags?post=22"}],"curies":[{"name":"wp","href":"https:\/\/api.w.org\/{rel}","templated":true}]}}