{"id":218,"date":"2014-10-02T14:00:11","date_gmt":"2014-10-02T17:00:11","guid":{"rendered":"https:\/\/www.interno.uepb.edu.br\/?p=17530"},"modified":"2014-10-02T14:00:11","modified_gmt":"2014-10-02T17:00:11","slug":"1o-seminario-de-saude-do-trabalhador-vai-debater-precarizacao-do-trabalho-e-assedio-moral-2","status":"publish","type":"post","link":"https:\/\/comissoes.uepb.edu.br\/ciast\/1o-seminario-de-saude-do-trabalhador-vai-debater-precarizacao-do-trabalho-e-assedio-moral-2\/","title":{"rendered":"1\u00ba Semin\u00e1rio de Sa\u00fade do Trabalhador vai debater precariza\u00e7\u00e3o do trabalho e ass\u00e9dio moral"},"content":{"rendered":"<p style=\"text-align: justify;\">A Comiss\u00e3o Interdisciplinar de Aten\u00e7\u00e3o Integral a Sa\u00fade e Seguran\u00e7a do Trabalhador (CIAST) e a Pr\u00f3-Reitoria de Gest\u00e3o de Pessoas (PROGEP) da Universidade Estadual da Para\u00edba (UEPB), atrav\u00e9s do Setor Sa\u00fade Sa\u00fade do Trabalhador, realiza no pr\u00f3ximo dia 8 de outubro, no Audit\u00f3rio III do Centro de Integra\u00e7\u00e3o Acad\u00eamica, no C\u00e2mpus de Bodocong\u00f3, o 1\u00ba Semin\u00e1rio de Sa\u00fade do Trabalhador.<\/p>\n<p style=\"text-align: justify;\">O evento ter\u00e1 como foco a discuss\u00e3o das quest\u00f5es que desafiam a efetiva\u00e7\u00e3o de melhorias em sa\u00fade e seguran\u00e7a do trabalho no servi\u00e7o p\u00fablico. A problem\u00e1tica ser\u00e1 discutida nas mesas redondas que tratar\u00e3o dos seguintes temas: \u201cCrise do capital, precariza\u00e7\u00e3o do trabalho e os impactos na sa\u00fade no servi\u00e7o p\u00fablico: perspectivas e desafios\u201d e \u201cAss\u00e9dio moral nas rela\u00e7\u00f5es cotidianas de trabalho\u201d, a serem compostas por docentes e t\u00e9cnicos administrativos da UEPB, Procuradoria do Minist\u00e9rio P\u00fablico do Trabalho, Superintend\u00eancia Regional do Trabalho e Emprego e representantes de sindicatos.<\/p>\n<p style=\"text-align: justify;\">Al\u00e9m disso, a\u00e7\u00f5es e servi\u00e7os voltados para os servidores na \u00e1rea de Sa\u00fade e Seguran\u00e7a do Trabalho, desenvolvidos por setores das UEPB, poder\u00e3o ser expostos na \u201cMostra de A\u00e7\u00f5es e Servi\u00e7os em Sa\u00fade do Trabalhador na UEPB\u201d, que ser\u00e1 realizada no hall do Centro de Integra\u00e7\u00e3o Acad\u00eamica, a partir das 16h, no mesmo dia do evento. Os projetos devem ser inscritos atrav\u00e9s do preenchimento da ficha de inscri\u00e7\u00e3o para a Mostra e posterior envio para o email seminariost@uepb.edu.br.<\/p>\n<p style=\"text-align: justify;\">As vagas para participa\u00e7\u00e3o de profissionais de Sa\u00fade e Seguran\u00e7a do Trabalho inseridos no servi\u00e7o p\u00fablico, gestores p\u00fablicos, profissionais envolvidos com formula\u00e7\u00e3o de pol\u00edticas p\u00fablicas em Sa\u00fade, al\u00e9m de representantes de \u00f3rg\u00e3os dos governos municipal e estadual, no semin\u00e1rio, j\u00e1 foram preenchidas, restando apenas 20 vagas para t\u00e9cnicos administrativos e docentes da UEPB interessados no evento. Estes podem\u00a0se inscrever mediante preenchimento da\u00a0<a href=\"https:\/\/www.interno.uepb.edu.br\/download\/outros_documentos_2014\/0210%20FICHA%20DE%20INSCRI%C3%87%C3%83O.doc\" >Ficha de Inscri\u00e7\u00e3o<\/a> e envio para o email seminariost@uepb.edu.br.<\/p>\n<p style=\"text-align: justify;\"><strong>Acesse:<\/strong><\/p>\n<p style=\"text-align: justify;\">&#8211;\u00a0<a href=\"https:\/\/www.interno.uepb.edu.br\/download\/outros_documentos_2014\/MOSTRA%20DE%20A%C3%87%C3%95ES%20E%20SERVI%C3%87OS%20EM%20SA%C3%9ADE%20DO%20TRABALHADOR%20-%20FICHA%20DE%20INSCRI%C3%87%C3%83O.doc\" >Ficha de Inscri\u00e7\u00e3o na &#8220;Mostra de A\u00e7\u00f5es e Servi\u00e7os em Sa\u00fade do Trabalhador na UEPB&#8221;<\/a><\/p>\n<p style=\"text-align: justify;\">&#8211;\u00a0<a href=\"https:\/\/www.interno.uepb.edu.br\/download\/outros_documentos_2014\/MOSTRA%20DE%20A%C3%87%C3%95ES%20E%20SERVI%C3%87OS%20EM%20SA%C3%9ADE%20DO%20TRABALHADOR%20-%20PROGRAMA%C3%87%C3%83O%20COMPLETA.pdf\" >Programa\u00e7\u00e3o completa do &#8220;1\u00ba Semin\u00e1rio de Sa\u00fade do Trabalhador&#8221;<\/a><\/p>\n","protected":false},"excerpt":{"rendered":"<p>A Comiss\u00e3o Interdisciplinar de Aten\u00e7\u00e3o Integral a Sa\u00fade e Seguran\u00e7a do Trabalhador (CIAST) e a Pr\u00f3-Reitoria de Gest\u00e3o de Pessoas (PROGEP) da Universidade Estadual da Para\u00edba (UEPB), atrav\u00e9s do Setor Sa\u00fade Sa\u00fade do Trabalhador, realiza no pr\u00f3ximo dia 8 de outubro, no Audit\u00f3rio III do Centro de Integra\u00e7\u00e3o Acad\u00eamica, no C\u00e2mpus de Bodocong\u00f3, o 1\u00ba <a class=\"leiamais\" href=\"https:\/\/www.interno.uepb.edu.br\/1o-seminario-de-saude-do-trabalhador-vai-debater-precarizacao-do-trabalho-e-assedio-moral\/\">Leia Mais&#8230;<\/a><\/p>\n","protected":false},"author":7,"featured_media":0,"comment_status":"closed","ping_status":"closed","sticky":false,"template":"","format":"standard","meta":{"_acf_changed":false,"jetpack_post_was_ever_published":false,"_jetpack_newsletter_access":"","_jetpack_dont_email_post_to_subs":false,"_jetpack_newsletter_tier_id":0,"_jetpack_memberships_contains_paywalled_content":false,"_jetpack_memberships_contains_paid_content":false,"footnotes":""},"categories":[4,5],"tags":[],"class_list":["post-218","post","type-post","status-publish","format-standard","hentry","category-ciast","category-noticias"],"acf":[],"jetpack_featured_media_url":"","jetpack_sharing_enabled":true,"jetpack_shortlink":"https:\/\/wp.me\/p7TtJV-3w","_links":{"self":[{"href":"https:\/\/comissoes.uepb.edu.br\/ciast\/wp-json\/wp\/v2\/posts\/218","targetHints":{"allow":["GET"]}}],"collection":[{"href":"https:\/\/comissoes.uepb.edu.br\/ciast\/wp-json\/wp\/v2\/posts"}],"about":[{"href":"https:\/\/comissoes.uepb.edu.br\/ciast\/wp-json\/wp\/v2\/types\/post"}],"author":[{"embeddable":true,"href":"https:\/\/comissoes.uepb.edu.br\/ciast\/wp-json\/wp\/v2\/users\/7"}],"replies":[{"embeddable":true,"href":"https:\/\/comissoes.uepb.edu.br\/ciast\/wp-json\/wp\/v2\/comments?post=218"}],"version-history":[{"count":1,"href":"https:\/\/comissoes.uepb.edu.br\/ciast\/wp-json\/wp\/v2\/posts\/218\/revisions"}],"predecessor-version":[{"id":219,"href":"https:\/\/comissoes.uepb.edu.br\/ciast\/wp-json\/wp\/v2\/posts\/218\/revisions\/219"}],"wp:attachment":[{"href":"https:\/\/comissoes.uepb.edu.br\/ciast\/wp-json\/wp\/v2\/media?parent=218"}],"wp:term":[{"taxonomy":"category","embeddable":true,"href":"https:\/\/comissoes.uepb.edu.br\/ciast\/wp-json\/wp\/v2\/categories?post=218"},{"taxonomy":"post_tag","embeddable":true,"href":"https:\/\/comissoes.uepb.edu.br\/ciast\/wp-json\/wp\/v2\/tags?post=218"}],"curies":[{"name":"wp","href":"https:\/\/api.w.org\/{rel}","templated":true}]}}