{"id":214,"date":"2016-04-20T09:40:27","date_gmt":"2016-04-20T12:40:27","guid":{"rendered":"https:\/\/www.interno.uepb.edu.br\/?p=26081"},"modified":"2016-04-20T09:40:27","modified_gmt":"2016-04-20T12:40:27","slug":"pro-reitoria-de-gestao-de-pessoas-da-uepb-desenvolve-atividades-alusivas-a-campanha-abril-verde-2","status":"publish","type":"post","link":"https:\/\/comissoes.uepb.edu.br\/ciast\/pro-reitoria-de-gestao-de-pessoas-da-uepb-desenvolve-atividades-alusivas-a-campanha-abril-verde-2\/","title":{"rendered":"Pr\u00f3-Reitoria de Gest\u00e3o de Pessoas da UEPB desenvolve atividades alusivas a campanha \u201cAbril Verde\u201d"},"content":{"rendered":"<p style=\"text-align: justify;\"><a href=\"https:\/\/www.interno.uepb.edu.br\/wp-content\/uploads\/2016\/04\/progep3.jpg\" rel=\"attachment wp-att-26083\"><img decoding=\"async\" loading=\"lazy\" class=\"aligncenter size-full wp-image-26083 img-responsive img-responsive\" src=\"https:\/\/www.interno.uepb.edu.br\/wp-content\/uploads\/2016\/04\/progep3.jpg\" alt=\"progep3\" width=\"840\" height=\"454\" srcset=\"https:\/\/www.interno.uepb.edu.br\/wp-content\/uploads\/2016\/04\/progep3.jpg 840w, https:\/\/www.interno.uepb.edu.br\/wp-content\/uploads\/2016\/04\/progep3-300x162.jpg 300w, https:\/\/www.interno.uepb.edu.br\/wp-content\/uploads\/2016\/04\/progep3-768x415.jpg 768w, https:\/\/www.interno.uepb.edu.br\/wp-content\/uploads\/2016\/04\/progep3-370x200.jpg 370w\" sizes=\"auto, (max-width: 840px) 100vw, 840px\" \/><\/a><\/p>\n<p style=\"text-align: justify;\">A Pr\u00f3-Reitoria de Gest\u00e3o de Pessoas (PROGEP) da Universidade Estadual da Para\u00edba (UEPB) est\u00e1 participando da campanha \u201cAbril Verde\u201d, movimento que busca alertar sobre os acidentes de trabalho. Ao longo de todo o m\u00eas o Museu de Arte Popular da Para\u00edba (MAPP), a entrada principal do C\u00e2mpus de Bodocong\u00f3 e o pr\u00e9dio da Administra\u00e7\u00e3o Central est\u00e3o iluminados na cor verde, em alus\u00e3o \u00e0 data que tem como objetivo estimular a implementa\u00e7\u00e3o de procedimentos de sa\u00fade e seguran\u00e7a voltados para a sa\u00fade do trabalhador.<\/p>\n<p style=\"text-align: justify;\">Como institui\u00e7\u00e3o apoiadora deste movimento, a UEPB tem promovido algumas a\u00e7\u00f5es relacionadas ao tema.\u00a0 A primeira delas aconteceu no dia 18 e consistiu um treinamento te\u00f3rico e pr\u00e1tico de combate a princ\u00edpios de inc\u00eandios, realizado pelo Corpo de Bombeiros da Para\u00edba. A pr\u00f3xima a\u00e7\u00e3o est\u00e1 marcada para o dia 27 de abril, das 8h \u00e0s 12h, no hall do pr\u00e9dio da Administra\u00e7\u00e3o central das 8h \u00e0s 12h. Na ocasi\u00e3o ser\u00e3o oferecidos diversos servi\u00e7os com a participa\u00e7\u00e3o do Laborat\u00f3rio Itinerante da UEPB, quest\u00f5es de ergonomia e outros servi\u00e7os do Departamento de Fisioterapia da Universidade.<\/p>\n<p style=\"text-align: justify;\"><a href=\"https:\/\/www.interno.uepb.edu.br\/wp-content\/uploads\/2016\/04\/progep2.jpg\" rel=\"attachment wp-att-26084\"><img decoding=\"async\" loading=\"lazy\" class=\"aligncenter size-full wp-image-26084 img-responsive img-responsive\" src=\"https:\/\/www.interno.uepb.edu.br\/wp-content\/uploads\/2016\/04\/progep2.jpg\" alt=\"progep2\" width=\"840\" height=\"454\" srcset=\"https:\/\/www.interno.uepb.edu.br\/wp-content\/uploads\/2016\/04\/progep2.jpg 840w, https:\/\/www.interno.uepb.edu.br\/wp-content\/uploads\/2016\/04\/progep2-300x162.jpg 300w, https:\/\/www.interno.uepb.edu.br\/wp-content\/uploads\/2016\/04\/progep2-768x415.jpg 768w, https:\/\/www.interno.uepb.edu.br\/wp-content\/uploads\/2016\/04\/progep2-370x200.jpg 370w\" sizes=\"auto, (max-width: 840px) 100vw, 840px\" \/><\/a><\/p>\n<p style=\"text-align: justify;\">No dia 28, a institui\u00e7\u00e3o participa da caminhada em mem\u00f3ria \u00e0s v\u00edtimas de acidente de trabalho, junto ao Centro de Refer\u00eancia do Trabalhador (Cerest). Tamb\u00e9m est\u00e1 programada a Mesa Redonda \u201cO zika v\u00edrus e a microcefalia: perspectivas e desafios na contemporaneidade\u201d, a ser realizada no m\u00eas de maio. Dentro dessa atividade, os alunos do curso de Fisioterapia que promovem a campanha \u201cAnjos da Luz\u201d estar\u00e3o recolhendo fraldas, leite materno e roupinhas para as m\u00e3es que possuem beb\u00eas portadores de microcefalia.<\/p>\n<p style=\"text-align: justify;\">O movimento Abril Verde nasceu com a proposta de relembrar o marco na hist\u00f3ria ocorrido no ano de 1961, onde uma terr\u00edvel explos\u00e3o aconteceu em uma mina nos Estados Unidos e 78 trabalhadores perderam suas vidas. Nesse sentido, ficou estabelecido o m\u00eas de abril como um per\u00edodo de a\u00e7\u00f5es e campanhas em prol da preven\u00e7\u00e3o dos acidentes e doen\u00e7as ocupacionais, sendo o dia 28 o Dia Mundial em Mem\u00f3ria das V\u00edtimas de Acidentes do Trabalho, proposta pela Organiza\u00e7\u00e3o Internacional do Trabalho (OIT) a todos os pa\u00edses membros.<\/p>\n<p style=\"text-align: justify;\">S\u00e3o parceiros da campanha o Sindicato dos Trabalhadores em Ensino Superior da Para\u00edba (SINTESP\/UEPB), a Associa\u00e7\u00e3o dos Docentes da Universidade Estadual da Para\u00edba (ADUEPB), o Centro de Refer\u00eancia do Trabalhador (Cerest) e a Comiss\u00e3o Interdisciplinar de Aten\u00e7\u00e3o Integral a Sa\u00fade e Seguran\u00e7a do Trabalho (CIAST).<\/p>\n<p style=\"text-align: justify;\"><strong>Texto:<\/strong> Severino Lopes<br \/>\n<strong>Fotos:<\/strong> Divulga\u00e7\u00e3o<\/p>\n<p style=\"text-align: justify;\">\n","protected":false},"excerpt":{"rendered":"<p>A Pr\u00f3-Reitoria de Gest\u00e3o de Pessoas (PROGEP) da Universidade Estadual da Para\u00edba (UEPB) est\u00e1 participando da campanha \u201cAbril Verde\u201d, movimento que busca alertar sobre os acidentes de trabalho. Ao longo de todo o m\u00eas o Museu de Arte Popular da Para\u00edba (MAPP), a entrada principal do C\u00e2mpus de Bodocong\u00f3 e o pr\u00e9dio da Administra\u00e7\u00e3o Central <a class=\"leiamais\" href=\"https:\/\/www.interno.uepb.edu.br\/pro-reitoria-de-gestao-de-pessoas-da-universidade-estadual-desenvolve-atividades-alusivas-campanha-abril-verde\/\">Leia Mais&#8230;<\/a><\/p>\n","protected":false},"author":6,"featured_media":0,"comment_status":"closed","ping_status":"closed","sticky":false,"template":"","format":"standard","meta":{"_acf_changed":false,"jetpack_post_was_ever_published":false,"_jetpack_newsletter_access":"","_jetpack_dont_email_post_to_subs":false,"_jetpack_newsletter_tier_id":0,"_jetpack_memberships_contains_paywalled_content":false,"_jetpack_memberships_contains_paid_content":false,"footnotes":""},"categories":[4,5,7,8],"tags":[],"class_list":["post-214","post","type-post","status-publish","format-standard","hentry","category-ciast","category-noticias","category-noticias-tecnicos","category-progep"],"acf":[],"jetpack_featured_media_url":"","jetpack_sharing_enabled":true,"jetpack_shortlink":"https:\/\/wp.me\/p7TtJV-3s","_links":{"self":[{"href":"https:\/\/comissoes.uepb.edu.br\/ciast\/wp-json\/wp\/v2\/posts\/214","targetHints":{"allow":["GET"]}}],"collection":[{"href":"https:\/\/comissoes.uepb.edu.br\/ciast\/wp-json\/wp\/v2\/posts"}],"about":[{"href":"https:\/\/comissoes.uepb.edu.br\/ciast\/wp-json\/wp\/v2\/types\/post"}],"author":[{"embeddable":true,"href":"https:\/\/comissoes.uepb.edu.br\/ciast\/wp-json\/wp\/v2\/users\/6"}],"replies":[{"embeddable":true,"href":"https:\/\/comissoes.uepb.edu.br\/ciast\/wp-json\/wp\/v2\/comments?post=214"}],"version-history":[{"count":1,"href":"https:\/\/comissoes.uepb.edu.br\/ciast\/wp-json\/wp\/v2\/posts\/214\/revisions"}],"predecessor-version":[{"id":215,"href":"https:\/\/comissoes.uepb.edu.br\/ciast\/wp-json\/wp\/v2\/posts\/214\/revisions\/215"}],"wp:attachment":[{"href":"https:\/\/comissoes.uepb.edu.br\/ciast\/wp-json\/wp\/v2\/media?parent=214"}],"wp:term":[{"taxonomy":"category","embeddable":true,"href":"https:\/\/comissoes.uepb.edu.br\/ciast\/wp-json\/wp\/v2\/categories?post=214"},{"taxonomy":"post_tag","embeddable":true,"href":"https:\/\/comissoes.uepb.edu.br\/ciast\/wp-json\/wp\/v2\/tags?post=214"}],"curies":[{"name":"wp","href":"https:\/\/api.w.org\/{rel}","templated":true}]}}