{"id":212,"date":"2016-04-27T08:32:05","date_gmt":"2016-04-27T11:32:05","guid":{"rendered":"https:\/\/www.interno.uepb.edu.br\/?p=26185"},"modified":"2016-04-27T08:32:05","modified_gmt":"2016-04-27T11:32:05","slug":"setor-de-saude-do-trabalhador-da-uepb-realiza-acoes-de-saude-alusivas-a-campanha-abril-verde-2","status":"publish","type":"post","link":"https:\/\/comissoes.uepb.edu.br\/ciast\/setor-de-saude-do-trabalhador-da-uepb-realiza-acoes-de-saude-alusivas-a-campanha-abril-verde-2\/","title":{"rendered":"Setor de Sa\u00fade do Trabalhador da UEPB realiza a\u00e7\u00f5es de sa\u00fade alusivas a campanha \u201cAbril Verde\u201d"},"content":{"rendered":"<p style=\"text-align: justify;\"><a href=\"https:\/\/www.interno.uepb.edu.br\/wp-content\/uploads\/2016\/04\/abr2.jpg\" rel=\"attachment wp-att-26187\"><img decoding=\"async\" loading=\"lazy\" class=\"aligncenter size-full wp-image-26187 img-responsive img-responsive\" src=\"https:\/\/www.interno.uepb.edu.br\/wp-content\/uploads\/2016\/04\/abr2.jpg\" alt=\"abr2\" width=\"840\" height=\"454\" srcset=\"https:\/\/www.interno.uepb.edu.br\/wp-content\/uploads\/2016\/04\/abr2.jpg 840w, https:\/\/www.interno.uepb.edu.br\/wp-content\/uploads\/2016\/04\/abr2-300x162.jpg 300w, https:\/\/www.interno.uepb.edu.br\/wp-content\/uploads\/2016\/04\/abr2-768x415.jpg 768w, https:\/\/www.interno.uepb.edu.br\/wp-content\/uploads\/2016\/04\/abr2-370x200.jpg 370w\" sizes=\"auto, (max-width: 840px) 100vw, 840px\" \/><\/a><\/p>\n<p style=\"text-align: justify;\">Dentro da campanha \u201cAbril Verde\u201d, movimento que busca alertar sobre os acidentes de trabalho, o Setor de Sa\u00fade do Trabalhador da Pr\u00f3-Reitoria de Gest\u00e3o de Pessoas (PROGEP), em parceria com estudantes e professores dos cursos de Odontologia, Fisioterapia e Enfermagem da Universidade Estadual da Para\u00edba (UEPB), realizaram na manh\u00e3 desta quarta-feira (27), em frente ao Pr\u00e9dio da Reitoria, uma a\u00e7\u00e3o de Sa\u00fade voltada para os servidores da Institui\u00e7\u00e3o.<\/p>\n<p style=\"text-align: justify;\">As atividades foram abertas pelo pr\u00f3-reitor Pr\u00f3-Reitor de Gest\u00e3o de Pessoas, Sandy Gonzaga de Melo, que deu as boas vindas aos servidores e agradeceu a todos os parceiros que contribu\u00edram para a concretiza\u00e7\u00e3o da a\u00e7\u00e3o. Sandy ressaltou que atividades dessa natureza deveriam ser realizada com mais frequ\u00eancia durante todo o ano e lembrou da preocupa\u00e7\u00e3o que a UEPB tem com os seus servidores. \u201cEntendemos que essas a\u00e7\u00f5es devem acontecer com certa frequ\u00eancia, notadamente em um dia como hoje, que \u00e9 importante para celebrar a sa\u00fade do trabalhador\u201d, disse.<\/p>\n<p style=\"text-align: justify;\"><a href=\"https:\/\/www.interno.uepb.edu.br\/wp-content\/uploads\/2016\/04\/abr4.jpg\" rel=\"attachment wp-att-26188\"><img decoding=\"async\" loading=\"lazy\" class=\"aligncenter size-full wp-image-26188 img-responsive img-responsive\" src=\"https:\/\/www.interno.uepb.edu.br\/wp-content\/uploads\/2016\/04\/abr4.jpg\" alt=\"abr4\" width=\"840\" height=\"454\" srcset=\"https:\/\/www.interno.uepb.edu.br\/wp-content\/uploads\/2016\/04\/abr4.jpg 840w, https:\/\/www.interno.uepb.edu.br\/wp-content\/uploads\/2016\/04\/abr4-300x162.jpg 300w, https:\/\/www.interno.uepb.edu.br\/wp-content\/uploads\/2016\/04\/abr4-768x415.jpg 768w, https:\/\/www.interno.uepb.edu.br\/wp-content\/uploads\/2016\/04\/abr4-370x200.jpg 370w\" sizes=\"auto, (max-width: 840px) 100vw, 840px\" \/><\/a><\/p>\n<p style=\"text-align: justify;\">O pr\u00f3-reitor de Extens\u00e3o, Jos\u00e9 Pereira, tamb\u00e9m acompanhou a abertura dos trabalhos e aproveitou a ocasi\u00e3o para lembrar dos projetos desenvolvidos pela UEPB que visam melhorar a qualidade de vida dos trabalhadores. Como j\u00e1 era previsto, o movimento durante toda a manh\u00e3 foi intenso. As estudantes do Laborat\u00f3rio Itinerante do Curso de Enfermagem, Ana Karine e Karen dos Santos, fizeram aferi\u00e7\u00f5es de press\u00e3o arterial, teste de glicemia, medi\u00e7\u00e3o de \u00edndice de massa corp\u00f3rea (IMC) e distribui\u00e7\u00e3o de folhetos informativos, al\u00e9m de orienta\u00e7\u00e3o nutricional. O stand do curso de Enfermagem foi um dos mais procurados pelos servidores que chegaram a formar filas para receber o atendimento.<\/p>\n<p style=\"text-align: justify;\">Alunos extensionistas do Curso de Fisioterapia prestaram informa\u00e7\u00f5es a respeito da postura no ambiente de trabalho. Aluna do 9\u00ba per\u00edodo, a estudante Daniele Ara\u00fajo mostrou um pouco dos trabalhos desenvolvidos pelo projeto \u201cPausa para o servidor: Aten\u00e7\u00e3o da Fisioterapia do trabalhador para t\u00e9cnicos administrativos de uma institui\u00e7\u00e3o de ensino superior\u201d, coordenado pela professora Cl\u00e1udia Iolanda. V\u00e1rios servidores receberam informa\u00e7\u00f5es sobre postura na hora de sentar e se movimentar no ambiente de trabalho. Orientados pela estudante, eles tamb\u00e9m fizeram alongamentos e outros exerc\u00edcios f\u00edsicos.<\/p>\n<p style=\"text-align: justify;\">Ainda dentro dessa atividade, os alunos do curso de Fisioterapia integrantes da campanha \u201cAnjos da Luz\u201d montaram um ponto para coleta de fraldas, leite materno e roupinhas para as m\u00e3es que possuem beb\u00eas portadores de microcefalia. Uma a\u00e7\u00e3o voltada para a est\u00e9tica do servidor tamb\u00e9m foi realizada, enquanto\u00a0 um caf\u00e9 servido pela PROGEP celebrou a data. Estudantes de Odontologia prestaram orienta\u00e7\u00f5es sobre higieniza\u00e7\u00e3o bucal, como limpeza com fio dental, escova\u00e7\u00e3o, al\u00e9m de informa\u00e7\u00f5es preventivas sobre as doen\u00e7as de periodontia e t\u00e1rtaro (c\u00e1lculo dental). Ao todo, oito estudantes participaram das a\u00e7\u00f5es. \u201cEssa a\u00e7\u00e3o tem nos possibilitado propagar algumas informa\u00e7\u00f5es importantes que podem prevenir o servidor de algumas doen\u00e7as\u201d, observou o estudante Marcelo Gouveia.<\/p>\n<p style=\"text-align: justify;\"><a href=\"https:\/\/www.interno.uepb.edu.br\/wp-content\/uploads\/2016\/04\/abr5.jpg\" rel=\"attachment wp-att-26189\"><img decoding=\"async\" loading=\"lazy\" class=\"aligncenter size-full wp-image-26189 img-responsive img-responsive\" src=\"https:\/\/www.interno.uepb.edu.br\/wp-content\/uploads\/2016\/04\/abr5.jpg\" alt=\"abr5\" width=\"840\" height=\"454\" srcset=\"https:\/\/www.interno.uepb.edu.br\/wp-content\/uploads\/2016\/04\/abr5.jpg 840w, https:\/\/www.interno.uepb.edu.br\/wp-content\/uploads\/2016\/04\/abr5-300x162.jpg 300w, https:\/\/www.interno.uepb.edu.br\/wp-content\/uploads\/2016\/04\/abr5-768x415.jpg 768w, https:\/\/www.interno.uepb.edu.br\/wp-content\/uploads\/2016\/04\/abr5-370x200.jpg 370w\" sizes=\"auto, (max-width: 840px) 100vw, 840px\" \/><\/a><\/p>\n<p style=\"text-align: justify;\">M\u00e9dico do setor de Sa\u00fade do Trabalhador da UEPB, o Dr. Jo\u00e3o Tejo revelou que a iniciativa complementa uma s\u00e9rie de a\u00e7\u00f5es que a Institui\u00e7\u00e3o desenvolve ao longo do ano preocupada com o bem estar do servidor. Ele lembrou que o setor surgiu com a necessidade de dar uma aten\u00e7\u00e3o especial ao servidor, estando inclusive, prevista em Lei. \u201cA UEPB, por iniciativa da Reitoria, montou uma equipe multidisciplinar para desenvolver uma s\u00e9rie de atividades por meio do Setor de Sa\u00fade do Trabalhador\u201d, frisou Jo\u00e3o Tejo.<\/p>\n<p style=\"text-align: justify;\">A participa\u00e7\u00e3o da UEPB no \u201cAbril Verde\u201d prossegue nesta quinta-feira (28) quando acontece, a partir das 7h, uma caminhada em mem\u00f3ria das v\u00edtimas de acidente de trabalho. O evento \u00e9 promovido pelo Centro de Refer\u00eancia \u00e0 Sa\u00fade do Trabalhador (CEREST), em parceria com o Setor Sa\u00fade do Trabalhador da UEPB. A concentra\u00e7\u00e3o ser\u00e1 na Pra\u00e7a do Trabalho, no bairro de S\u00e3o Jos\u00e9, em Campina Grande.<\/p>\n<p style=\"text-align: justify;\">O movimento Abril Verde nasceu com a proposta de relembrar o marco na hist\u00f3ria ocorrido no ano de 1961, onde uma terr\u00edvel explos\u00e3o aconteceu em uma mina nos Estados Unidos e 78 trabalhadores perderam suas vidas. Nesse sentido, ficou estabelecido o m\u00eas de abril como um per\u00edodo de a\u00e7\u00f5es e campanhas em prol da preven\u00e7\u00e3o dos acidentes e doen\u00e7as ocupacionais, sendo o dia 28 o Dia Mundial em Mem\u00f3ria das V\u00edtimas de Acidentes do Trabalho, proposta pela Organiza\u00e7\u00e3o Internacional do Trabalho (OIT) a todos os pa\u00edses membros.<\/p>\n<p style=\"text-align: justify;\">S\u00e3o parceiros da campanha o Sindicato dos Trabalhadores em Ensino Superior da Para\u00edba (SINTESP\/UEPB), a Associa\u00e7\u00e3o dos Docentes da Universidade Estadual da Para\u00edba (ADUEPB), o Centro de Refer\u00eancia do Trabalhador (Cerest) e a Comiss\u00e3o Interdisciplinar de Aten\u00e7\u00e3o Integral a Sa\u00fade e Seguran\u00e7a do Trabalho (CIAST).<\/p>\n<p style=\"text-align: justify;\"><strong>Texto:<\/strong> Severino Lopes<br \/>\n<strong>Fotos:<\/strong> Franklin Bonfim<\/p>\n<p>\n<a href='https:\/\/www.interno.uepb.edu.br\/setor-de-saude-do-trabalhador-da-uepb-realiza-acoes-de-saude-alusivas-campanha-abril-verde\/abr7\/'><img decoding=\"async\" width=\"150\" height=\"150\" src=\"https:\/\/www.interno.uepb.edu.br\/wp-content\/uploads\/2016\/04\/abr7-150x150.jpg\" class=\"attachment-thumbnail size-thumbnail img-responsive\" alt=\"\" loading=\"lazy\" \/><\/a><br \/>\n<a href='https:\/\/www.interno.uepb.edu.br\/setor-de-saude-do-trabalhador-da-uepb-realiza-acoes-de-saude-alusivas-campanha-abril-verde\/abr3\/'><img decoding=\"async\" width=\"150\" height=\"150\" src=\"https:\/\/www.interno.uepb.edu.br\/wp-content\/uploads\/2016\/04\/abr3-150x150.jpg\" class=\"attachment-thumbnail size-thumbnail img-responsive\" alt=\"\" loading=\"lazy\" \/><\/a><br \/>\n<a href='https:\/\/www.interno.uepb.edu.br\/setor-de-saude-do-trabalhador-da-uepb-realiza-acoes-de-saude-alusivas-campanha-abril-verde\/abr8\/'><img decoding=\"async\" width=\"150\" height=\"150\" src=\"https:\/\/www.interno.uepb.edu.br\/wp-content\/uploads\/2016\/04\/abr8-150x150.jpg\" class=\"attachment-thumbnail size-thumbnail img-responsive\" alt=\"\" loading=\"lazy\" \/><\/a><br \/>\n<a href='https:\/\/www.interno.uepb.edu.br\/setor-de-saude-do-trabalhador-da-uepb-realiza-acoes-de-saude-alusivas-campanha-abril-verde\/abr4-2\/'><img decoding=\"async\" width=\"150\" height=\"150\" src=\"https:\/\/www.interno.uepb.edu.br\/wp-content\/uploads\/2016\/04\/abr4-1-150x150.jpg\" class=\"attachment-thumbnail size-thumbnail img-responsive\" alt=\"\" loading=\"lazy\" \/><\/a><br \/>\n<a href='https:\/\/www.interno.uepb.edu.br\/setor-de-saude-do-trabalhador-da-uepb-realiza-acoes-de-saude-alusivas-campanha-abril-verde\/abr1-2\/'><img decoding=\"async\" width=\"150\" height=\"150\" src=\"https:\/\/www.interno.uepb.edu.br\/wp-content\/uploads\/2016\/04\/abr1-1-150x150.jpg\" class=\"attachment-thumbnail size-thumbnail img-responsive\" alt=\"\" loading=\"lazy\" \/><\/a><br \/>\n<a href='https:\/\/www.interno.uepb.edu.br\/setor-de-saude-do-trabalhador-da-uepb-realiza-acoes-de-saude-alusivas-campanha-abril-verde\/abr2-2\/'><img decoding=\"async\" width=\"150\" height=\"150\" src=\"https:\/\/www.interno.uepb.edu.br\/wp-content\/uploads\/2016\/04\/abr2-1-150x150.jpg\" class=\"attachment-thumbnail size-thumbnail img-responsive\" alt=\"\" loading=\"lazy\" \/><\/a><br \/>\n<a href='https:\/\/www.interno.uepb.edu.br\/setor-de-saude-do-trabalhador-da-uepb-realiza-acoes-de-saude-alusivas-campanha-abril-verde\/abr5-2\/'><img decoding=\"async\" width=\"150\" height=\"150\" src=\"https:\/\/www.interno.uepb.edu.br\/wp-content\/uploads\/2016\/04\/abr5-1-150x150.jpg\" class=\"attachment-thumbnail size-thumbnail img-responsive\" alt=\"\" loading=\"lazy\" \/><\/a><br \/>\n<a href='https:\/\/www.interno.uepb.edu.br\/setor-de-saude-do-trabalhador-da-uepb-realiza-acoes-de-saude-alusivas-campanha-abril-verde\/abr6\/'><img decoding=\"async\" width=\"150\" height=\"150\" src=\"https:\/\/www.interno.uepb.edu.br\/wp-content\/uploads\/2016\/04\/abr6-150x150.jpg\" class=\"attachment-thumbnail size-thumbnail img-responsive\" alt=\"\" loading=\"lazy\" \/><\/a>\n<\/p>\n<p>&nbsp;<\/p>\n","protected":false},"excerpt":{"rendered":"<p>Dentro da campanha \u201cAbril Verde\u201d, movimento que busca alertar sobre os acidentes de trabalho, o Setor de Sa\u00fade do Trabalhador da Pr\u00f3-Reitoria de Gest\u00e3o de Pessoas (PROGEP), em parceria com estudantes e professores dos cursos de Odontologia, Fisioterapia e Enfermagem da Universidade Estadual da Para\u00edba (UEPB), realizaram na manh\u00e3 desta quarta-feira (27), em frente ao <a class=\"leiamais\" href=\"https:\/\/www.interno.uepb.edu.br\/setor-de-saude-do-trabalhador-da-uepb-realiza-acoes-de-saude-alusivas-campanha-abril-verde\/\">Leia Mais&#8230;<\/a><\/p>\n","protected":false},"author":6,"featured_media":0,"comment_status":"closed","ping_status":"closed","sticky":false,"template":"","format":"standard","meta":{"_acf_changed":false,"jetpack_post_was_ever_published":false,"_jetpack_newsletter_access":"","_jetpack_dont_email_post_to_subs":false,"_jetpack_newsletter_tier_id":0,"_jetpack_memberships_contains_paywalled_content":false,"_jetpack_memberships_contains_paid_content":false,"footnotes":""},"categories":[4,5,6,7,8],"tags":[],"class_list":["post-212","post","type-post","status-publish","format-standard","hentry","category-ciast","category-noticias","category-noticias-professores","category-noticias-tecnicos","category-progep"],"acf":[],"jetpack_featured_media_url":"","jetpack_sharing_enabled":true,"jetpack_shortlink":"https:\/\/wp.me\/p7TtJV-3q","_links":{"self":[{"href":"https:\/\/comissoes.uepb.edu.br\/ciast\/wp-json\/wp\/v2\/posts\/212","targetHints":{"allow":["GET"]}}],"collection":[{"href":"https:\/\/comissoes.uepb.edu.br\/ciast\/wp-json\/wp\/v2\/posts"}],"about":[{"href":"https:\/\/comissoes.uepb.edu.br\/ciast\/wp-json\/wp\/v2\/types\/post"}],"author":[{"embeddable":true,"href":"https:\/\/comissoes.uepb.edu.br\/ciast\/wp-json\/wp\/v2\/users\/6"}],"replies":[{"embeddable":true,"href":"https:\/\/comissoes.uepb.edu.br\/ciast\/wp-json\/wp\/v2\/comments?post=212"}],"version-history":[{"count":1,"href":"https:\/\/comissoes.uepb.edu.br\/ciast\/wp-json\/wp\/v2\/posts\/212\/revisions"}],"predecessor-version":[{"id":213,"href":"https:\/\/comissoes.uepb.edu.br\/ciast\/wp-json\/wp\/v2\/posts\/212\/revisions\/213"}],"wp:attachment":[{"href":"https:\/\/comissoes.uepb.edu.br\/ciast\/wp-json\/wp\/v2\/media?parent=212"}],"wp:term":[{"taxonomy":"category","embeddable":true,"href":"https:\/\/comissoes.uepb.edu.br\/ciast\/wp-json\/wp\/v2\/categories?post=212"},{"taxonomy":"post_tag","embeddable":true,"href":"https:\/\/comissoes.uepb.edu.br\/ciast\/wp-json\/wp\/v2\/tags?post=212"}],"curies":[{"name":"wp","href":"https:\/\/api.w.org\/{rel}","templated":true}]}}