{"id":206,"date":"2018-04-26T14:11:01","date_gmt":"2018-04-26T17:11:01","guid":{"rendered":"https:\/\/www.interno.uepb.edu.br\/?p=39987"},"modified":"2018-04-26T14:11:01","modified_gmt":"2018-04-26T17:11:01","slug":"progep-e-ciast-realizam-atividade-de-conscientizacao-sobre-o-abril-verde-no-campus-i-da-uepb-2","status":"publish","type":"post","link":"https:\/\/comissoes.uepb.edu.br\/ciast\/progep-e-ciast-realizam-atividade-de-conscientizacao-sobre-o-abril-verde-no-campus-i-da-uepb-2\/","title":{"rendered":"PROGEP e CIAST realizam atividade de conscientiza\u00e7\u00e3o sobre o Abril Verde no C\u00e2mpus I da UEPB"},"content":{"rendered":"<p>\n<a href='https:\/\/www.interno.uepb.edu.br\/progep-e-ciast-realizam-atividade-de-conscientizacao-sobre-o-abril-verde-no-campus-i-da-uepb\/abril-verde-panfletagem-5\/'><img decoding=\"async\" width=\"1158\" height=\"869\" src=\"https:\/\/www.interno.uepb.edu.br\/wp-content\/uploads\/2018\/04\/Abril-Verde-Panfletagem-5.jpeg\" class=\"attachment-full size-full img-responsive\" alt=\"\" loading=\"lazy\" srcset=\"https:\/\/www.interno.uepb.edu.br\/wp-content\/uploads\/2018\/04\/Abril-Verde-Panfletagem-5.jpeg 1158w, https:\/\/www.interno.uepb.edu.br\/wp-content\/uploads\/2018\/04\/Abril-Verde-Panfletagem-5-300x225.jpeg 300w, https:\/\/www.interno.uepb.edu.br\/wp-content\/uploads\/2018\/04\/Abril-Verde-Panfletagem-5-768x576.jpeg 768w, https:\/\/www.interno.uepb.edu.br\/wp-content\/uploads\/2018\/04\/Abril-Verde-Panfletagem-5-1024x768.jpeg 1024w, https:\/\/www.interno.uepb.edu.br\/wp-content\/uploads\/2018\/04\/Abril-Verde-Panfletagem-5-370x278.jpeg 370w, https:\/\/www.interno.uepb.edu.br\/wp-content\/uploads\/2018\/04\/Abril-Verde-Panfletagem-5-840x630.jpeg 840w\" sizes=\"auto, (max-width: 1158px) 100vw, 1158px\" \/><\/a><br \/>\n<a href='https:\/\/www.interno.uepb.edu.br\/progep-e-ciast-realizam-atividade-de-conscientizacao-sobre-o-abril-verde-no-campus-i-da-uepb\/abril-verde-panfletagem-6\/'><img decoding=\"async\" width=\"1158\" height=\"869\" src=\"https:\/\/www.interno.uepb.edu.br\/wp-content\/uploads\/2018\/04\/Abril-Verde-Panfletagem-6.jpeg\" class=\"attachment-full size-full img-responsive\" alt=\"\" loading=\"lazy\" srcset=\"https:\/\/www.interno.uepb.edu.br\/wp-content\/uploads\/2018\/04\/Abril-Verde-Panfletagem-6.jpeg 1158w, https:\/\/www.interno.uepb.edu.br\/wp-content\/uploads\/2018\/04\/Abril-Verde-Panfletagem-6-300x225.jpeg 300w, https:\/\/www.interno.uepb.edu.br\/wp-content\/uploads\/2018\/04\/Abril-Verde-Panfletagem-6-768x576.jpeg 768w, https:\/\/www.interno.uepb.edu.br\/wp-content\/uploads\/2018\/04\/Abril-Verde-Panfletagem-6-1024x768.jpeg 1024w, https:\/\/www.interno.uepb.edu.br\/wp-content\/uploads\/2018\/04\/Abril-Verde-Panfletagem-6-370x278.jpeg 370w, https:\/\/www.interno.uepb.edu.br\/wp-content\/uploads\/2018\/04\/Abril-Verde-Panfletagem-6-840x630.jpeg 840w\" sizes=\"auto, (max-width: 1158px) 100vw, 1158px\" \/><\/a><br \/>\n<a href='https:\/\/www.interno.uepb.edu.br\/progep-e-ciast-realizam-atividade-de-conscientizacao-sobre-o-abril-verde-no-campus-i-da-uepb\/abril-verde-panfletagem-4\/'><img decoding=\"async\" width=\"1158\" height=\"869\" src=\"https:\/\/www.interno.uepb.edu.br\/wp-content\/uploads\/2018\/04\/Abril-Verde-Panfletagem-4.jpeg\" class=\"attachment-full size-full img-responsive\" alt=\"\" loading=\"lazy\" srcset=\"https:\/\/www.interno.uepb.edu.br\/wp-content\/uploads\/2018\/04\/Abril-Verde-Panfletagem-4.jpeg 1158w, https:\/\/www.interno.uepb.edu.br\/wp-content\/uploads\/2018\/04\/Abril-Verde-Panfletagem-4-300x225.jpeg 300w, https:\/\/www.interno.uepb.edu.br\/wp-content\/uploads\/2018\/04\/Abril-Verde-Panfletagem-4-768x576.jpeg 768w, https:\/\/www.interno.uepb.edu.br\/wp-content\/uploads\/2018\/04\/Abril-Verde-Panfletagem-4-1024x768.jpeg 1024w, https:\/\/www.interno.uepb.edu.br\/wp-content\/uploads\/2018\/04\/Abril-Verde-Panfletagem-4-370x278.jpeg 370w, https:\/\/www.interno.uepb.edu.br\/wp-content\/uploads\/2018\/04\/Abril-Verde-Panfletagem-4-840x630.jpeg 840w\" sizes=\"auto, (max-width: 1158px) 100vw, 1158px\" \/><\/a><br \/>\n<a href='https:\/\/www.interno.uepb.edu.br\/progep-e-ciast-realizam-atividade-de-conscientizacao-sobre-o-abril-verde-no-campus-i-da-uepb\/abril-verde-panfletagem-12\/'><img decoding=\"async\" width=\"1032\" height=\"581\" src=\"https:\/\/www.interno.uepb.edu.br\/wp-content\/uploads\/2018\/04\/Abril-Verde-Panfletagem-12.jpeg\" class=\"attachment-full size-full img-responsive\" alt=\"\" loading=\"lazy\" srcset=\"https:\/\/www.interno.uepb.edu.br\/wp-content\/uploads\/2018\/04\/Abril-Verde-Panfletagem-12.jpeg 1032w, https:\/\/www.interno.uepb.edu.br\/wp-content\/uploads\/2018\/04\/Abril-Verde-Panfletagem-12-300x169.jpeg 300w, https:\/\/www.interno.uepb.edu.br\/wp-content\/uploads\/2018\/04\/Abril-Verde-Panfletagem-12-768x432.jpeg 768w, https:\/\/www.interno.uepb.edu.br\/wp-content\/uploads\/2018\/04\/Abril-Verde-Panfletagem-12-1024x576.jpeg 1024w, https:\/\/www.interno.uepb.edu.br\/wp-content\/uploads\/2018\/04\/Abril-Verde-Panfletagem-12-370x208.jpeg 370w, https:\/\/www.interno.uepb.edu.br\/wp-content\/uploads\/2018\/04\/Abril-Verde-Panfletagem-12-840x473.jpeg 840w\" sizes=\"auto, (max-width: 1032px) 100vw, 1032px\" \/><\/a><br \/>\n<a href='https:\/\/www.interno.uepb.edu.br\/progep-e-ciast-realizam-atividade-de-conscientizacao-sobre-o-abril-verde-no-campus-i-da-uepb\/abril-verde-panfletagem-13\/'><img decoding=\"async\" width=\"960\" height=\"1280\" src=\"https:\/\/www.interno.uepb.edu.br\/wp-content\/uploads\/2018\/04\/Abril-Verde-Panfletagem-13.jpeg\" class=\"attachment-full size-full img-responsive\" alt=\"\" loading=\"lazy\" srcset=\"https:\/\/www.interno.uepb.edu.br\/wp-content\/uploads\/2018\/04\/Abril-Verde-Panfletagem-13.jpeg 960w, https:\/\/www.interno.uepb.edu.br\/wp-content\/uploads\/2018\/04\/Abril-Verde-Panfletagem-13-225x300.jpeg 225w, https:\/\/www.interno.uepb.edu.br\/wp-content\/uploads\/2018\/04\/Abril-Verde-Panfletagem-13-768x1024.jpeg 768w, https:\/\/www.interno.uepb.edu.br\/wp-content\/uploads\/2018\/04\/Abril-Verde-Panfletagem-13-370x493.jpeg 370w, https:\/\/www.interno.uepb.edu.br\/wp-content\/uploads\/2018\/04\/Abril-Verde-Panfletagem-13-840x1120.jpeg 840w\" sizes=\"auto, (max-width: 960px) 100vw, 960px\" \/><\/a><br \/>\n<a href='https:\/\/www.interno.uepb.edu.br\/progep-e-ciast-realizam-atividade-de-conscientizacao-sobre-o-abril-verde-no-campus-i-da-uepb\/abril-verde-panfletagem-3\/'><img decoding=\"async\" width=\"1158\" height=\"869\" src=\"https:\/\/www.interno.uepb.edu.br\/wp-content\/uploads\/2018\/04\/Abril-Verde-Panfletagem-3.jpeg\" class=\"attachment-full size-full img-responsive\" alt=\"\" loading=\"lazy\" srcset=\"https:\/\/www.interno.uepb.edu.br\/wp-content\/uploads\/2018\/04\/Abril-Verde-Panfletagem-3.jpeg 1158w, https:\/\/www.interno.uepb.edu.br\/wp-content\/uploads\/2018\/04\/Abril-Verde-Panfletagem-3-300x225.jpeg 300w, https:\/\/www.interno.uepb.edu.br\/wp-content\/uploads\/2018\/04\/Abril-Verde-Panfletagem-3-768x576.jpeg 768w, https:\/\/www.interno.uepb.edu.br\/wp-content\/uploads\/2018\/04\/Abril-Verde-Panfletagem-3-1024x768.jpeg 1024w, https:\/\/www.interno.uepb.edu.br\/wp-content\/uploads\/2018\/04\/Abril-Verde-Panfletagem-3-370x278.jpeg 370w, https:\/\/www.interno.uepb.edu.br\/wp-content\/uploads\/2018\/04\/Abril-Verde-Panfletagem-3-840x630.jpeg 840w\" sizes=\"auto, (max-width: 1158px) 100vw, 1158px\" \/><\/a><br \/>\n<a href='https:\/\/www.interno.uepb.edu.br\/progep-e-ciast-realizam-atividade-de-conscientizacao-sobre-o-abril-verde-no-campus-i-da-uepb\/abril-verde-panfletagem-2\/'><img decoding=\"async\" width=\"1158\" height=\"869\" src=\"https:\/\/www.interno.uepb.edu.br\/wp-content\/uploads\/2018\/04\/Abril-Verde-Panfletagem-2.jpeg\" class=\"attachment-full size-full img-responsive\" alt=\"\" loading=\"lazy\" srcset=\"https:\/\/www.interno.uepb.edu.br\/wp-content\/uploads\/2018\/04\/Abril-Verde-Panfletagem-2.jpeg 1158w, https:\/\/www.interno.uepb.edu.br\/wp-content\/uploads\/2018\/04\/Abril-Verde-Panfletagem-2-300x225.jpeg 300w, https:\/\/www.interno.uepb.edu.br\/wp-content\/uploads\/2018\/04\/Abril-Verde-Panfletagem-2-768x576.jpeg 768w, https:\/\/www.interno.uepb.edu.br\/wp-content\/uploads\/2018\/04\/Abril-Verde-Panfletagem-2-1024x768.jpeg 1024w, https:\/\/www.interno.uepb.edu.br\/wp-content\/uploads\/2018\/04\/Abril-Verde-Panfletagem-2-370x278.jpeg 370w, https:\/\/www.interno.uepb.edu.br\/wp-content\/uploads\/2018\/04\/Abril-Verde-Panfletagem-2-840x630.jpeg 840w\" sizes=\"auto, (max-width: 1158px) 100vw, 1158px\" \/><\/a><br \/>\n<a href='https:\/\/www.interno.uepb.edu.br\/progep-e-ciast-realizam-atividade-de-conscientizacao-sobre-o-abril-verde-no-campus-i-da-uepb\/abril-verde-panfletagem-7\/'><img decoding=\"async\" width=\"1158\" height=\"869\" src=\"https:\/\/www.interno.uepb.edu.br\/wp-content\/uploads\/2018\/04\/Abril-Verde-Panfletagem-7.jpeg\" class=\"attachment-full size-full img-responsive\" alt=\"\" loading=\"lazy\" srcset=\"https:\/\/www.interno.uepb.edu.br\/wp-content\/uploads\/2018\/04\/Abril-Verde-Panfletagem-7.jpeg 1158w, https:\/\/www.interno.uepb.edu.br\/wp-content\/uploads\/2018\/04\/Abril-Verde-Panfletagem-7-300x225.jpeg 300w, https:\/\/www.interno.uepb.edu.br\/wp-content\/uploads\/2018\/04\/Abril-Verde-Panfletagem-7-768x576.jpeg 768w, https:\/\/www.interno.uepb.edu.br\/wp-content\/uploads\/2018\/04\/Abril-Verde-Panfletagem-7-1024x768.jpeg 1024w, https:\/\/www.interno.uepb.edu.br\/wp-content\/uploads\/2018\/04\/Abril-Verde-Panfletagem-7-370x278.jpeg 370w, https:\/\/www.interno.uepb.edu.br\/wp-content\/uploads\/2018\/04\/Abril-Verde-Panfletagem-7-840x630.jpeg 840w\" sizes=\"auto, (max-width: 1158px) 100vw, 1158px\" \/><\/a><br \/>\n<a href='https:\/\/www.interno.uepb.edu.br\/progep-e-ciast-realizam-atividade-de-conscientizacao-sobre-o-abril-verde-no-campus-i-da-uepb\/abril-verde-panfletagem-10\/'><img decoding=\"async\" width=\"1032\" height=\"581\" src=\"https:\/\/www.interno.uepb.edu.br\/wp-content\/uploads\/2018\/04\/Abril-Verde-Panfletagem-10.jpeg\" class=\"attachment-full size-full img-responsive\" alt=\"\" loading=\"lazy\" srcset=\"https:\/\/www.interno.uepb.edu.br\/wp-content\/uploads\/2018\/04\/Abril-Verde-Panfletagem-10.jpeg 1032w, https:\/\/www.interno.uepb.edu.br\/wp-content\/uploads\/2018\/04\/Abril-Verde-Panfletagem-10-300x169.jpeg 300w, https:\/\/www.interno.uepb.edu.br\/wp-content\/uploads\/2018\/04\/Abril-Verde-Panfletagem-10-768x432.jpeg 768w, https:\/\/www.interno.uepb.edu.br\/wp-content\/uploads\/2018\/04\/Abril-Verde-Panfletagem-10-1024x576.jpeg 1024w, https:\/\/www.interno.uepb.edu.br\/wp-content\/uploads\/2018\/04\/Abril-Verde-Panfletagem-10-370x208.jpeg 370w, https:\/\/www.interno.uepb.edu.br\/wp-content\/uploads\/2018\/04\/Abril-Verde-Panfletagem-10-840x473.jpeg 840w\" sizes=\"auto, (max-width: 1032px) 100vw, 1032px\" \/><\/a><br \/>\n<a href='https:\/\/www.interno.uepb.edu.br\/progep-e-ciast-realizam-atividade-de-conscientizacao-sobre-o-abril-verde-no-campus-i-da-uepb\/abril-verde-panfletagem-11\/'><img decoding=\"async\" width=\"1280\" height=\"960\" src=\"https:\/\/www.interno.uepb.edu.br\/wp-content\/uploads\/2018\/04\/Abril-Verde-Panfletagem-11.jpeg\" class=\"attachment-full size-full img-responsive\" alt=\"\" loading=\"lazy\" srcset=\"https:\/\/www.interno.uepb.edu.br\/wp-content\/uploads\/2018\/04\/Abril-Verde-Panfletagem-11.jpeg 1280w, https:\/\/www.interno.uepb.edu.br\/wp-content\/uploads\/2018\/04\/Abril-Verde-Panfletagem-11-300x225.jpeg 300w, https:\/\/www.interno.uepb.edu.br\/wp-content\/uploads\/2018\/04\/Abril-Verde-Panfletagem-11-768x576.jpeg 768w, https:\/\/www.interno.uepb.edu.br\/wp-content\/uploads\/2018\/04\/Abril-Verde-Panfletagem-11-1024x768.jpeg 1024w, https:\/\/www.interno.uepb.edu.br\/wp-content\/uploads\/2018\/04\/Abril-Verde-Panfletagem-11-370x278.jpeg 370w, https:\/\/www.interno.uepb.edu.br\/wp-content\/uploads\/2018\/04\/Abril-Verde-Panfletagem-11-840x630.jpeg 840w\" sizes=\"auto, (max-width: 1280px) 100vw, 1280px\" \/><\/a><br \/>\n<a href='https:\/\/www.interno.uepb.edu.br\/progep-e-ciast-realizam-atividade-de-conscientizacao-sobre-o-abril-verde-no-campus-i-da-uepb\/abril-verde-panfletagem-1\/'><img decoding=\"async\" width=\"1280\" height=\"960\" src=\"https:\/\/www.interno.uepb.edu.br\/wp-content\/uploads\/2018\/04\/Abril-Verde-Panfletagem-1.jpeg\" class=\"attachment-full size-full img-responsive\" alt=\"\" loading=\"lazy\" srcset=\"https:\/\/www.interno.uepb.edu.br\/wp-content\/uploads\/2018\/04\/Abril-Verde-Panfletagem-1.jpeg 1280w, https:\/\/www.interno.uepb.edu.br\/wp-content\/uploads\/2018\/04\/Abril-Verde-Panfletagem-1-300x225.jpeg 300w, https:\/\/www.interno.uepb.edu.br\/wp-content\/uploads\/2018\/04\/Abril-Verde-Panfletagem-1-768x576.jpeg 768w, https:\/\/www.interno.uepb.edu.br\/wp-content\/uploads\/2018\/04\/Abril-Verde-Panfletagem-1-1024x768.jpeg 1024w, https:\/\/www.interno.uepb.edu.br\/wp-content\/uploads\/2018\/04\/Abril-Verde-Panfletagem-1-370x278.jpeg 370w, https:\/\/www.interno.uepb.edu.br\/wp-content\/uploads\/2018\/04\/Abril-Verde-Panfletagem-1-840x630.jpeg 840w\" sizes=\"auto, (max-width: 1280px) 100vw, 1280px\" \/><\/a>\n<\/p>\n<p>Os motoristas que ingressaram na manh\u00e3 desta quinta-feira (26) no C\u00e2mpus I da Universidade Estadual da Para\u00edba (UEPB), em Campina Grande, foram abordados por uma equipe de servidores e alunos que realizaram adesivagem de carros e panfletagem acerca do Abril Verde \u2013 campanha que busca alertar sobre os riscos de sa\u00fade e preven\u00e7\u00e3o de acidentes de trabalho. A iniciativa foi do Setor de Sa\u00fade do Trabalhador da Pr\u00f3-Reitoria de Gest\u00e3o de Pessoas (PROGEP) e da Comiss\u00e3o Interdisciplinar de Aten\u00e7\u00e3o Integral a Sa\u00fade e Seguran\u00e7a do Trabalho (CIAST).<\/p>\n<p>Tamb\u00e9m foi distribu\u00eddo material educativo produzido pelo Minist\u00e9rio P\u00fablico do Trabalho, o MPT em Quadrinhos, uma revista com diversas informa\u00e7\u00f5es sobre os riscos de acidentes de trabalho. \u201cNeste ano o Abril Verde firmou uma parceria com a Superintend\u00eancia de Tr\u00e2nsito e Transportes P\u00fablicos (STTP), reunindo na mesma a\u00e7\u00e3o o Maio Amarelo (tratando da preven\u00e7\u00e3o dos acidentes de tr\u00e2nsito) e o Abril Verde, que neste ano teve como foco os acidentes de trajeto, que tamb\u00e9m s\u00e3o de tr\u00e2nsito. Assim integraram na mesma oportunidade o movimento Maio Amarelo\u201d, explicou Albertina F\u00e9lix, assistente social da UEPB e integrante do Setor de Sa\u00fade do Trabalhador.<\/p>\n<p>Al\u00e9m desta, a UEPB tamb\u00e9m sediou e participou de outras a\u00e7\u00f5es na \u00faltima semana, referentes ao Abril Verde, a exemplo do f\u00f3rum de discuss\u00f5es na Federa\u00e7\u00e3o das Ind\u00fastrias do Estado da Para\u00edba (FIEP); uma caminhada entre a Pra\u00e7a do Trabalho e a Pra\u00e7a da Bandeira em parceria com o Centro de Refer\u00eancia em Sa\u00fade do Trabalhador (Cerest) de Campina Grande; e uma mesa redonda sobre Gest\u00e3o de Riscos Qu\u00edmicos nos Laborat\u00f3rios, com palestra da professora Bet\u00e2nia Gama, da Universidade Federal de Campina Grande (UFCG).<\/p>\n<p>Naquela ocasi\u00e3o participaram os representantes dos laborat\u00f3rios dos Centros de Ensino dos c\u00e2mpus I, II e IV da UEPB, como servidores docentes, t\u00e9cnicos administrativos e t\u00e9cnicos de laborat\u00f3rios, que vieram com um roteiro de quest\u00f5es sobre o setor, puderam expor as limita\u00e7\u00f5es, os problemas dos laborat\u00f3rios e tamb\u00e9m as boas pr\u00e1ticas que t\u00eam realizado para minimizar os riscos nos laborat\u00f3rios.<\/p>\n<p>As atividades culminar\u00e3o com um Grupo de Trabalho com a participa\u00e7\u00e3o da CIAST, do setor de Sa\u00fade do Trabalhador da PROGEP, da Pr\u00f3-Reitoria de P\u00f3s-Gradua\u00e7\u00e3o e Pesquisa (PRPGP), da Pr\u00f3-Reitoria de Gradua\u00e7\u00e3o (PROGRAD) e da Pr\u00f3-Reitoria de Extens\u00e3o (PROEX), ainda com data a definir. \u201cO intuito \u00e9 criar uma norma geral de uso dos laborat\u00f3rios da Universidade, al\u00e9m de fazer um levantamento das demandas e das propostas de solu\u00e7\u00e3o\u201d, concluiu Albertina.<\/p>\n<p>&nbsp;<\/p>\n<p><em><strong>Texto:<\/strong> Giuliana Rodrigues<\/em><br \/>\n<em><strong>Fotos:<\/strong> Albertina F\u00e9lix<\/em><\/p>\n","protected":false},"excerpt":{"rendered":"<p>Os motoristas que ingressaram na manh\u00e3 desta quinta-feira (26) no C\u00e2mpus I da Universidade Estadual da Para\u00edba (UEPB), em Campina Grande, foram abordados por uma equipe de servidores e alunos que realizaram adesivagem de carros e panfletagem acerca do Abril Verde \u2013 campanha que busca alertar sobre os riscos de sa\u00fade e preven\u00e7\u00e3o de acidentes <a class=\"leiamais\" href=\"https:\/\/www.interno.uepb.edu.br\/progep-e-ciast-realizam-atividade-de-conscientizacao-sobre-o-abril-verde-no-campus-i-da-uepb\/\">Leia Mais&#8230;<\/a><\/p>\n","protected":false},"author":7,"featured_media":0,"comment_status":"closed","ping_status":"closed","sticky":false,"template":"","format":"standard","meta":{"_acf_changed":false,"jetpack_post_was_ever_published":false,"_jetpack_newsletter_access":"","_jetpack_dont_email_post_to_subs":false,"_jetpack_newsletter_tier_id":0,"_jetpack_memberships_contains_paywalled_content":false,"_jetpack_memberships_contains_paid_content":false,"footnotes":""},"categories":[4,5,8],"tags":[],"class_list":["post-206","post","type-post","status-publish","format-standard","hentry","category-ciast","category-noticias","category-progep"],"acf":[],"jetpack_featured_media_url":"","jetpack_sharing_enabled":true,"jetpack_shortlink":"https:\/\/wp.me\/p7TtJV-3k","_links":{"self":[{"href":"https:\/\/comissoes.uepb.edu.br\/ciast\/wp-json\/wp\/v2\/posts\/206","targetHints":{"allow":["GET"]}}],"collection":[{"href":"https:\/\/comissoes.uepb.edu.br\/ciast\/wp-json\/wp\/v2\/posts"}],"about":[{"href":"https:\/\/comissoes.uepb.edu.br\/ciast\/wp-json\/wp\/v2\/types\/post"}],"author":[{"embeddable":true,"href":"https:\/\/comissoes.uepb.edu.br\/ciast\/wp-json\/wp\/v2\/users\/7"}],"replies":[{"embeddable":true,"href":"https:\/\/comissoes.uepb.edu.br\/ciast\/wp-json\/wp\/v2\/comments?post=206"}],"version-history":[{"count":1,"href":"https:\/\/comissoes.uepb.edu.br\/ciast\/wp-json\/wp\/v2\/posts\/206\/revisions"}],"predecessor-version":[{"id":207,"href":"https:\/\/comissoes.uepb.edu.br\/ciast\/wp-json\/wp\/v2\/posts\/206\/revisions\/207"}],"wp:attachment":[{"href":"https:\/\/comissoes.uepb.edu.br\/ciast\/wp-json\/wp\/v2\/media?parent=206"}],"wp:term":[{"taxonomy":"category","embeddable":true,"href":"https:\/\/comissoes.uepb.edu.br\/ciast\/wp-json\/wp\/v2\/categories?post=206"},{"taxonomy":"post_tag","embeddable":true,"href":"https:\/\/comissoes.uepb.edu.br\/ciast\/wp-json\/wp\/v2\/tags?post=206"}],"curies":[{"name":"wp","href":"https:\/\/api.w.org\/{rel}","templated":true}]}}