{"id":204,"date":"2021-02-18T07:55:01","date_gmt":"2021-02-18T10:55:01","guid":{"rendered":"https:\/\/www.interno.uepb.edu.br\/?p=58649"},"modified":"2021-02-18T07:55:01","modified_gmt":"2021-02-18T10:55:01","slug":"reitoria-se-reune-com-representantes-da-ciast-e-discute-medidas-de-seguranca-para-servidores-da-uepb-2","status":"publish","type":"post","link":"https:\/\/comissoes.uepb.edu.br\/ciast\/reitoria-se-reune-com-representantes-da-ciast-e-discute-medidas-de-seguranca-para-servidores-da-uepb-2\/","title":{"rendered":"Reitoria se re\u00fane com representantes da CIAST e discute medidas de seguran\u00e7a para servidores da UEPB"},"content":{"rendered":"<figure class=\"wp-block-image size-large\"><a href=\"https:\/\/www.interno.uepb.edu.br\/wp-content\/uploads\/2021\/02\/Reuniao-Reitoria-e-CIAST.jpeg\"><img decoding=\"async\" loading=\"lazy\" width=\"1024\" height=\"768\" src=\"https:\/\/www.interno.uepb.edu.br\/wp-content\/uploads\/2021\/02\/Reuniao-Reitoria-e-CIAST-1024x768.jpeg\" alt=\"\" class=\"wp-image-58648 img-responsive img-responsive\" srcset=\"https:\/\/www.interno.uepb.edu.br\/wp-content\/uploads\/2021\/02\/Reuniao-Reitoria-e-CIAST-1024x768.jpeg 1024w, https:\/\/www.interno.uepb.edu.br\/wp-content\/uploads\/2021\/02\/Reuniao-Reitoria-e-CIAST-300x225.jpeg 300w, https:\/\/www.interno.uepb.edu.br\/wp-content\/uploads\/2021\/02\/Reuniao-Reitoria-e-CIAST-768x576.jpeg 768w, https:\/\/www.interno.uepb.edu.br\/wp-content\/uploads\/2021\/02\/Reuniao-Reitoria-e-CIAST-370x278.jpeg 370w, https:\/\/www.interno.uepb.edu.br\/wp-content\/uploads\/2021\/02\/Reuniao-Reitoria-e-CIAST-840x630.jpeg 840w, https:\/\/www.interno.uepb.edu.br\/wp-content\/uploads\/2021\/02\/Reuniao-Reitoria-e-CIAST.jpeg 1280w\" sizes=\"auto, (max-width: 1024px) 100vw, 1024px\" \/><\/a><\/figure>\n<p>A Reitoria da Universidade Estadual da Para\u00edba (UEPB), atrav\u00e9s da professora C\u00e9lia Regina Diniz, reitoria da Institui\u00e7\u00e3o, e da professora Ivonildes Fonseca, vice-reitora, se reuniu na tarde desta quarta-feira (17) com representantes da Comiss\u00e3o Interdisciplinar de Aten\u00e7\u00e3o Integral a Sa\u00fade e Seguran\u00e7a do Trabalho (CIAST), a fim de tratar sobre a cria\u00e7\u00e3o de um canal de comunica\u00e7\u00e3o entre a comunidade universit\u00e1ria e a Comiss\u00e3o. A reuni\u00e3o, realizada no gabinete da Reitoria, teve o intuito de tratar de medidas para garantir a sa\u00fade dos servidores da Institui\u00e7\u00e3o.<\/p>\n<p>Durante a reuni\u00e3o, conforme explicou a coordenadora adjunta da CIAST, Joselma Lacerda, foram tratadas quest\u00f5es relacionadas aos eventuais riscos ambientais existentes que possam causar danos, ou agravos \u00e0 sa\u00fade, que comprometam o bem-estar no \u00e2mbito da UEPB, principalmente no contexto pand\u00eamico da Covid-19. Durante o encontro, foram discutidos ainda os procedimentos operacionais para que essas situa\u00e7\u00f5es que chegam na Comiss\u00e3o sejam encaminhadas de acordo com um padr\u00e3o preestabelecido.<\/p>\n<figure class=\"wp-block-image size-large\"><a href=\"https:\/\/www.interno.uepb.edu.br\/wp-content\/uploads\/2021\/02\/Reuniao-CIAST.jpeg\"><img decoding=\"async\" loading=\"lazy\" width=\"1024\" height=\"768\" src=\"https:\/\/www.interno.uepb.edu.br\/wp-content\/uploads\/2021\/02\/Reuniao-CIAST-1024x768.jpeg\" alt=\"\" class=\"wp-image-58655 img-responsive img-responsive\" srcset=\"https:\/\/www.interno.uepb.edu.br\/wp-content\/uploads\/2021\/02\/Reuniao-CIAST-1024x768.jpeg 1024w, https:\/\/www.interno.uepb.edu.br\/wp-content\/uploads\/2021\/02\/Reuniao-CIAST-300x225.jpeg 300w, https:\/\/www.interno.uepb.edu.br\/wp-content\/uploads\/2021\/02\/Reuniao-CIAST-768x576.jpeg 768w, https:\/\/www.interno.uepb.edu.br\/wp-content\/uploads\/2021\/02\/Reuniao-CIAST-370x278.jpeg 370w, https:\/\/www.interno.uepb.edu.br\/wp-content\/uploads\/2021\/02\/Reuniao-CIAST-840x630.jpeg 840w, https:\/\/www.interno.uepb.edu.br\/wp-content\/uploads\/2021\/02\/Reuniao-CIAST.jpeg 1280w\" sizes=\"auto, (max-width: 1024px) 100vw, 1024px\" \/><\/a><\/figure>\n<p>Segundo explicou Joselma, esse procedimento vai contemplar uma das atribui\u00e7\u00f5es da Comiss\u00e3o no que se refere a averigua\u00e7\u00e3o dos riscos ambientais, por meio de inspe\u00e7\u00f5es em conjunto com o Setor Sa\u00fade do Trabalhador da Pr\u00f3-Reitoria de Gest\u00e3o de Pessoas (PROGEP). Com isso, ser\u00e1 poss\u00edvel a emiss\u00e3o de relat\u00f3rio para ci\u00eancia da Administra\u00e7\u00e3o Central conforme estabelece a Resolu\u00e7\u00e3o do Conselho Universit\u00e1rio (Consuni), que normativa e regulamenta a CIAST.<\/p>\n<p>A reitora da UEPB, professora C\u00e9lia Regina, garantiu que a Administra\u00e7\u00e3o Central est\u00e1 sens\u00edvel \u00e0s demandas da Comiss\u00e3o e empenhada em garantir a seguran\u00e7a e a integridade dos servidores da Institui\u00e7\u00e3o. De acordo com ela, a Universidade j\u00e1 tem adotado um conjunto de medidas de biosseguran\u00e7a, visando garantir a preven\u00e7\u00e3o e a sa\u00fade dos servidores nesse tempo de pandemia.<\/p>\n<p>A CIAST \u00e9 uma Comiss\u00e3o vinculada \u00e0 Reitoria, que por meio de atividades consultivas e deliberativas responde pelo gerenciamento e organiza\u00e7\u00e3o da sa\u00fade e seguran\u00e7a do trabalho da UEPB. Ela tamb\u00e9m faz parte do Comit\u00ea de Conting\u00eancia e Crise Covid-19 na Universidade Estadual da Para\u00edba, conforme estabelece a Portaria\/UEPB\/GR\/0013\/2020.<\/p>\n<p>Tamb\u00e9m participaram da reuni\u00e3o o chefe de gabinete da Reitoria, professor Luciano Albino; a professora Ana Paula Ara\u00fajo, coordenadora da CIAST; Raenilson Ara\u00fajo, t\u00e9cnico de enfermagem e representante dos t\u00e9cnicos administrativos da CIAST; Juliana Grangeiro, assistente social da PROGEP e representante dos t\u00e9cnicos administrativos na Comiss\u00e3o; Danielle Ginuino, t\u00e9cnica de seguran\u00e7a do trabalho do setor sa\u00fade do trabalhador da PROGEP e integrante da equipe multidisciplinar da CIAST.<\/p>\n<p><em><strong>Texto:<\/strong> Severino Lopes<br \/><strong>Foto:<\/strong> \u00cdtalo Vilarim<\/em><\/p>\n","protected":false},"excerpt":{"rendered":"<p>A Reitoria da Universidade Estadual da Para\u00edba (UEPB), atrav\u00e9s da professora C\u00e9lia Regina Diniz, reitoria da Institui\u00e7\u00e3o, e da professora Ivonildes Fonseca, vice-reitora, se reuniu na tarde desta quarta-feira (17) com representantes da Comiss\u00e3o Interdisciplinar de Aten\u00e7\u00e3o Integral a Sa\u00fade e Seguran\u00e7a do Trabalho (CIAST), a fim de tratar sobre a cria\u00e7\u00e3o de um canal <a class=\"leiamais\" href=\"https:\/\/www.interno.uepb.edu.br\/reitoria-se-reune-com-representantes-da-ciast-e-discute-medidas-de-seguranca-para-servidores-da-uepb\/\">Leia Mais&#8230;<\/a><\/p>\n","protected":false},"author":8,"featured_media":0,"comment_status":"closed","ping_status":"closed","sticky":false,"template":"","format":"standard","meta":{"_acf_changed":false,"jetpack_post_was_ever_published":false,"_jetpack_newsletter_access":"","_jetpack_dont_email_post_to_subs":false,"_jetpack_newsletter_tier_id":0,"_jetpack_memberships_contains_paywalled_content":false,"_jetpack_memberships_contains_paid_content":false,"footnotes":""},"categories":[4,5,6,7,8],"tags":[],"class_list":["post-204","post","type-post","status-publish","format-standard","hentry","category-ciast","category-noticias","category-noticias-professores","category-noticias-tecnicos","category-progep"],"acf":[],"jetpack_featured_media_url":"","jetpack_sharing_enabled":true,"jetpack_shortlink":"https:\/\/wp.me\/p7TtJV-3i","_links":{"self":[{"href":"https:\/\/comissoes.uepb.edu.br\/ciast\/wp-json\/wp\/v2\/posts\/204","targetHints":{"allow":["GET"]}}],"collection":[{"href":"https:\/\/comissoes.uepb.edu.br\/ciast\/wp-json\/wp\/v2\/posts"}],"about":[{"href":"https:\/\/comissoes.uepb.edu.br\/ciast\/wp-json\/wp\/v2\/types\/post"}],"author":[{"embeddable":true,"href":"https:\/\/comissoes.uepb.edu.br\/ciast\/wp-json\/wp\/v2\/users\/8"}],"replies":[{"embeddable":true,"href":"https:\/\/comissoes.uepb.edu.br\/ciast\/wp-json\/wp\/v2\/comments?post=204"}],"version-history":[{"count":1,"href":"https:\/\/comissoes.uepb.edu.br\/ciast\/wp-json\/wp\/v2\/posts\/204\/revisions"}],"predecessor-version":[{"id":205,"href":"https:\/\/comissoes.uepb.edu.br\/ciast\/wp-json\/wp\/v2\/posts\/204\/revisions\/205"}],"wp:attachment":[{"href":"https:\/\/comissoes.uepb.edu.br\/ciast\/wp-json\/wp\/v2\/media?parent=204"}],"wp:term":[{"taxonomy":"category","embeddable":true,"href":"https:\/\/comissoes.uepb.edu.br\/ciast\/wp-json\/wp\/v2\/categories?post=204"},{"taxonomy":"post_tag","embeddable":true,"href":"https:\/\/comissoes.uepb.edu.br\/ciast\/wp-json\/wp\/v2\/tags?post=204"}],"curies":[{"name":"wp","href":"https:\/\/api.w.org\/{rel}","templated":true}]}}