{"id":202,"date":"2021-04-23T07:00:04","date_gmt":"2021-04-23T10:00:04","guid":{"rendered":"https:\/\/www.interno.uepb.edu.br\/?p=59645"},"modified":"2021-04-23T07:00:04","modified_gmt":"2021-04-23T10:00:04","slug":"comissao-interdisciplinar-de-atencao-a-saude-do-trabalhador-realiza-webinar-dentro-da-campanha-abril-verde","status":"publish","type":"post","link":"https:\/\/comissoes.uepb.edu.br\/ciast\/comissao-interdisciplinar-de-atencao-a-saude-do-trabalhador-realiza-webinar-dentro-da-campanha-abril-verde\/","title":{"rendered":"Comiss\u00e3o Interdisciplinar de Aten\u00e7\u00e3o \u00e0 Sa\u00fade do Trabalhador realiza webinar dentro da campanha Abril Verde"},"content":{"rendered":"<p>Dentro das a\u00e7\u00f5es do Abril Verde, campanha educativa em preven\u00e7\u00e3o aos acidentes de trabalho, a Comiss\u00e3o Interdisciplinar de Aten\u00e7\u00e3o Integral \u00e0 Sa\u00fade e Seguran\u00e7a do Trabalhador (CIAST) da Universidade Estadual da Para\u00edba (UEPB) realiza na quarta-feira (28), \u00e0s 16h, o webinar \u201cSa\u00fade mental e trabalho na pandemia da Covid-19\u201d. A iniciativa ter\u00e1 como palestrantes as professoras da UEPB, Carla Brand\u00e3o e Val\u00e9ria Moraes.<\/p>\n<p>Por conta da pandemia e das medidas restritivas \u00e0 Covid-19, o evento ser\u00e1 realizado de forma on-line, com transmiss\u00e3o ao vivo pelo YouTube atrav\u00e9s do <a href=\"https:\/\/www.youtube.com\/channel\/UCvafBtEu5NKXqzKNJSMrcZQ\"  rel=\"noopener\"><strong>canal Rede UEPB<\/strong><\/a>. Durante o evento, acontece o lan\u00e7amento da cartilha \u201cOrienta\u00e7\u00f5es e cuidados em sa\u00fade mental\u201d, elaborada pela equipe da CIAST. Os interessados em receber o certificado pela participa\u00e7\u00e3o no evento podem se inscrever atrav\u00e9s do link: <a href=\"https:\/\/cpcon.uepb.edu.br\/forms\/responderFormulario\/578\"  rel=\"noopener\"><strong>https:\/\/cpcon.uepb.edu.br\/forms\/responderFormulario\/578<\/strong><\/a>.<\/p>\n<p>Durante a campanha Abril Verde, a CIAST tem realizado uma s\u00e9rie de a\u00e7\u00f5es com o objetivo de colocar em pauta o tema da preven\u00e7\u00e3o de acidentes e doen\u00e7as do trabalho, enfatizando a\u00e7\u00f5es de promo\u00e7\u00e3o em Sa\u00fade e melhoria nas condi\u00e7\u00f5es laborais. A inten\u00e7\u00e3o \u00e9 promover uma reflex\u00e3o sobre a import\u00e2ncia do desenvolvimento de a\u00e7\u00f5es de autocuidado, junto a necessidade de preven\u00e7\u00e3o de contamina\u00e7\u00e3o da Covid-19. A UEPB integra as a\u00e7\u00f5es desta iniciativa junto a diferentes \u00f3rg\u00e3os e institui\u00e7\u00f5es p\u00fablicas e privadas em n\u00edvel municipal, estadual e federal j\u00e1 h\u00e1 alguns anos.<\/p>\n<p><em><strong>Texto:<\/strong> Severino Lopes<\/em><\/p>\n","protected":false},"excerpt":{"rendered":"<p>Dentro das a\u00e7\u00f5es do Abril Verde, campanha educativa em preven\u00e7\u00e3o aos acidentes de trabalho, a Comiss\u00e3o Interdisciplinar de Aten\u00e7\u00e3o Integral \u00e0 Sa\u00fade e Seguran\u00e7a do Trabalhador (CIAST) da Universidade Estadual da Para\u00edba (UEPB) realiza na quarta-feira (28), \u00e0s 16h, o webinar \u201cSa\u00fade mental e trabalho na pandemia da Covid-19\u201d. A iniciativa ter\u00e1 como palestrantes as <a class=\"leiamais\" href=\"https:\/\/www.interno.uepb.edu.br\/comissao-interdisciplinar-de-atencao-a-saude-do-trabalhador-realiza-webinar-dentro-da-campanha-abril-verde\/\">Leia Mais&#8230;<\/a><\/p>\n","protected":false},"author":8,"featured_media":0,"comment_status":"closed","ping_status":"closed","sticky":false,"template":"","format":"standard","meta":{"_acf_changed":false,"jetpack_post_was_ever_published":false,"_jetpack_newsletter_access":"","_jetpack_dont_email_post_to_subs":false,"_jetpack_newsletter_tier_id":0,"_jetpack_memberships_contains_paywalled_content":false,"_jetpack_memberships_contains_paid_content":false,"footnotes":""},"categories":[4,39,5,9,6,7,8],"tags":[],"class_list":["post-202","post","type-post","status-publish","format-standard","hentry","category-ciast","category-covid-19","category-noticias","category-noticias-destaque","category-noticias-professores","category-noticias-tecnicos","category-progep"],"acf":[],"jetpack_featured_media_url":"","jetpack_sharing_enabled":true,"jetpack_shortlink":"https:\/\/wp.me\/p7TtJV-3g","_links":{"self":[{"href":"https:\/\/comissoes.uepb.edu.br\/ciast\/wp-json\/wp\/v2\/posts\/202","targetHints":{"allow":["GET"]}}],"collection":[{"href":"https:\/\/comissoes.uepb.edu.br\/ciast\/wp-json\/wp\/v2\/posts"}],"about":[{"href":"https:\/\/comissoes.uepb.edu.br\/ciast\/wp-json\/wp\/v2\/types\/post"}],"author":[{"embeddable":true,"href":"https:\/\/comissoes.uepb.edu.br\/ciast\/wp-json\/wp\/v2\/users\/8"}],"replies":[{"embeddable":true,"href":"https:\/\/comissoes.uepb.edu.br\/ciast\/wp-json\/wp\/v2\/comments?post=202"}],"version-history":[{"count":1,"href":"https:\/\/comissoes.uepb.edu.br\/ciast\/wp-json\/wp\/v2\/posts\/202\/revisions"}],"predecessor-version":[{"id":203,"href":"https:\/\/comissoes.uepb.edu.br\/ciast\/wp-json\/wp\/v2\/posts\/202\/revisions\/203"}],"wp:attachment":[{"href":"https:\/\/comissoes.uepb.edu.br\/ciast\/wp-json\/wp\/v2\/media?parent=202"}],"wp:term":[{"taxonomy":"category","embeddable":true,"href":"https:\/\/comissoes.uepb.edu.br\/ciast\/wp-json\/wp\/v2\/categories?post=202"},{"taxonomy":"post_tag","embeddable":true,"href":"https:\/\/comissoes.uepb.edu.br\/ciast\/wp-json\/wp\/v2\/tags?post=202"}],"curies":[{"name":"wp","href":"https:\/\/api.w.org\/{rel}","templated":true}]}}